{"id":3651,"date":"2022-04-27T06:46:27","date_gmt":"2022-04-27T11:46:27","guid":{"rendered":"https:\/\/noticiasveracruz.com\/?p=3651"},"modified":"2022-04-27T06:47:33","modified_gmt":"2022-04-27T11:47:33","slug":"kamala-harris-da-positivo-a-covid","status":"publish","type":"post","link":"https:\/\/noticiasveracruz.com\/index.php\/2022\/04\/27\/kamala-harris-da-positivo-a-covid\/","title":{"rendered":"Kamala Harris da positivo a Covid"},"content":{"rendered":"<p class=\"p1\"><span style=\"font-size: 14pt;\"><em><strong>Washington.<\/strong><\/em> <span class=\"s1\">La vicepresidenta de Estados Unidos, <strong>Kamala Harris<\/strong>, dio positivo a la <strong>prueba de detecci\u00f3n del Covid 19<\/strong>, pero es asintom\u00e1tica y no se considera un contacto cercano actual del presidente Joe Biden, dijo la Casa Blanca.<\/span><\/span><\/p>\n<p class=\"p3\"><span style=\"font-size: 14pt;\">Hoy,\u00a0<b>la vicepresidenta Harris dio positivo al Covid 19 en pruebas r\u00e1pidas y de PCR<\/b>. No ha presentado s\u00edntomas, se aislar\u00e1 y continuar\u00e1 trabajando desde la residencia de la vicepresidenta\u00bb, dijo la\u00a0<b>secretaria de prensa de Harris, Kirsten Allen<\/b>.<\/span><\/p>\n<p class=\"p3\"><span style=\"font-size: 14pt;\"><b>Ella no ha sido un contacto cercano con el presidente o la primera dama<\/b>\u00a0debido a sus respectivos cronogramas de viaje recientes\u00bb, explic\u00f3 Allen, y agreg\u00f3 que\u00a0<b>Harris \u00abregresar\u00e1 la Casa Blanca cuando d\u00e9 negativo\u00bb<\/b>.<\/span><\/p>\n<p class=\"p3\"><span style=\"font-size: 14pt;\">Harris recibi\u00f3 su primera dosis de la\u00a0<b>vacuna de Moderna contra el Covid 19<\/b>, semanas antes de asumir su actual cargo. La segunda dosis la recibi\u00f3 a principios de 2021.<\/span><\/p>\n<p class=\"p3\"><span style=\"font-size: 14pt;\">Mientras que la vacuna de refuerzo le fue aplicada a fines de octubre y una inoculaci\u00f3n m\u00e1s el pasado 1 de abril.<\/span><\/p>\n<p>&nbsp;<\/p>\n<p class=\"p3\"><span style=\"font-size: 18pt;\"><strong>Informaci\u00f3n: AFP<\/strong><\/span><\/p>\n<p>&nbsp;<\/p>\n","protected":false},"excerpt":{"rendered":"<p>Washington. La vicepresidenta de Estados Unidos, Kamala Harris, dio positivo a la prueba de detecci\u00f3n del Covid 19, pero es<\/p>\n","protected":false},"author":4,"featured_media":3652,"comment_status":"closed","ping_status":"closed","sticky":false,"template":"","format":"standard","meta":{"colormag_page_container_layout":"default_layout","colormag_page_sidebar_layout":"default_layout","_jetpack_memberships_contains_paid_content":false,"footnotes":"","jetpack_publicize_message":"","jetpack_publicize_feature_enabled":true,"jetpack_social_post_already_shared":false,"jetpack_social_options":{"image_generator_settings":{"template":"highway","default_image_id":0,"font":"","enabled":false},"version":2}},"categories":[355],"tags":[29,510],"class_list":["post-3651","post","type-post","status-publish","format-standard","has-post-thumbnail","hentry","category-internacional","tag-covid-19","tag-kamala-harris"],"jetpack_publicize_connections":[],"jetpack_featured_media_url":"https:\/\/noticiasveracruz.com\/wp-content\/uploads\/2022\/04\/P-KAMALA.png","jetpack_sharing_enabled":true,"publishpress_future_action":{"enabled":false,"date":"2026-05-06 19:12:48","action":"change-status","newStatus":"draft","terms":[],"taxonomy":"category","extraData":[]},"publishpress_future_workflow_manual_trigger":{"enabledWorkflows":[]},"_links":{"self":[{"href":"https:\/\/noticiasveracruz.com\/index.php\/wp-json\/wp\/v2\/posts\/3651","targetHints":{"allow":["GET"]}}],"collection":[{"href":"https:\/\/noticiasveracruz.com\/index.php\/wp-json\/wp\/v2\/posts"}],"about":[{"href":"https:\/\/noticiasveracruz.com\/index.php\/wp-json\/wp\/v2\/types\/post"}],"author":[{"embeddable":true,"href":"https:\/\/noticiasveracruz.com\/index.php\/wp-json\/wp\/v2\/users\/4"}],"replies":[{"embeddable":true,"href":"https:\/\/noticiasveracruz.com\/index.php\/wp-json\/wp\/v2\/comments?post=3651"}],"version-history":[{"count":0,"href":"https:\/\/noticiasveracruz.com\/index.php\/wp-json\/wp\/v2\/posts\/3651\/revisions"}],"wp:featuredmedia":[{"embeddable":true,"href":"https:\/\/noticiasveracruz.com\/index.php\/wp-json\/wp\/v2\/media\/3652"}],"wp:attachment":[{"href":"https:\/\/noticiasveracruz.com\/index.php\/wp-json\/wp\/v2\/media?parent=3651"}],"wp:term":[{"taxonomy":"category","embeddable":true,"href":"https:\/\/noticiasveracruz.com\/index.php\/wp-json\/wp\/v2\/categories?post=3651"},{"taxonomy":"post_tag","embeddable":true,"href":"https:\/\/noticiasveracruz.com\/index.php\/wp-json\/wp\/v2\/tags?post=3651"}],"curies":[{"name":"wp","href":"https:\/\/api.w.org\/{rel}","templated":true}]}}