{"id":3647,"date":"2022-04-27T07:07:04","date_gmt":"2022-04-27T12:07:04","guid":{"rendered":"https:\/\/noticiasveracruz.com\/?p=3647"},"modified":"2022-04-27T07:07:17","modified_gmt":"2022-04-27T12:07:17","slug":"anuncian-museo-de-la-infamia-en-sede-de-la-oea-en-nicaragua","status":"publish","type":"post","link":"https:\/\/noticiasveracruz.com\/index.php\/2022\/04\/27\/anuncian-museo-de-la-infamia-en-sede-de-la-oea-en-nicaragua\/","title":{"rendered":"Anuncian Museo de la infamia en sede de la OEA en Nicaragua"},"content":{"rendered":"<p>&nbsp;<\/p>\n<p class=\"p1\"><span style=\"font-size: 14pt;\"><em><strong>Managua.<\/strong> <\/em>Despu\u00e9s de que <strong>el gobierno de Daniel Ortega expulsara al Organizaci\u00f3n de Estados Americanos (OEA) de Nicaragua<\/strong>, se declar\u00f3 con \u00ab<strong>utilidad p\u00fablica\u00bb<\/strong> el inmueble que albergaba las oficinas<span class=\"Apple-converted-space\">\u00a0 <\/span>y anunci\u00f3 que <strong>se convertir\u00e1 en el museo de la infamia.\u00a0<\/strong><\/span><\/p>\n<blockquote>\n<p class=\"p1\"><span style=\"font-size: 14pt;\">Que m\u00e1s infame que ese ministerio de colonias\u201d, dijo la vicepresidenta y vocera del gobierno, Rosario Murillo. <\/span><\/p>\n<\/blockquote>\n<p class=\"p1\"><span style=\"font-size: 14pt;\">Ubicado en una zona exclusiva del pa\u00eds al sureste de Managua, tras la expulsi\u00f3n fue custodiado por agentes de la polic\u00eda.<\/span><\/p>\n<p>&nbsp;<\/p>\n<p class=\"p1\"><span style=\"font-size: 18pt;\"><strong>EL RETIRO<\/strong><\/span><\/p>\n<p class=\"p1\"><span style=\"font-size: 14pt;\"><strong>El \u00faltimo domingo Nicaragua tambi\u00e9n adelant\u00f3 su salida de este organismo con sede en Washington<\/strong>, del que ya hab\u00eda anticipado su retiro en noviembre de 2021, luego que la entidad regional desconoci\u00f3 la elecci\u00f3n de Ortega para un cuarto mandato consecutivo, con sus rivales presos.<\/span><\/p>\n<blockquote>\n<p class=\"p1\"><span style=\"font-size: 14pt;\">El canciller nicarag\u00fcense, Denis Moncada, inform\u00f3 que su pa\u00eds dejaba inmediatamente de participar de la OEA y proced\u00eda a retirar las credenciales a sus representantes en Washington. \u00abNicaragua expulsa a la Organizaci\u00f3n de Estados Americanos\u00bb, asegur\u00f3.<\/span><\/p>\n<\/blockquote>\n<p class=\"p1\"><strong><span style=\"font-size: 14pt;\">La secretaria general de la OEA hab\u00eda denunciado el domingo que la ocupaci\u00f3n de sus oficinas era un acto \u00abileg\u00edtimo\u00bb y una violaci\u00f3n a las normas internacionales.<\/span><\/strong><\/p>\n<blockquote>\n<p class=\"p1\"><span style=\"font-size: 14pt;\">Sus oficinas, archivos y documentos gozan de la m\u00e1s absoluta inviolabilidad. Su violaci\u00f3n por las autoridades nicarag\u00fcenses les hace internacionalmente responsables por sus consecuencias\u00bb, se\u00f1al\u00f3. <\/span><\/p>\n<\/blockquote>\n<p class=\"p1\"><span style=\"font-size: 14pt;\"><strong>La declaratoria de utilidad p\u00fablica a las instalaciones de la OEA es el \u00faltimo episodio de una cadena de acontecimientos en las relaciones entre Managua<\/strong> y ese organismo en los \u00faltimos cuatro a\u00f1os, en el <strong>contexto de una crisis pol\u00edtica detonada por protestas antigubernamentales en el 2018<\/strong>.<\/span><\/p>\n<p>&nbsp;<\/p>\n<figure id=\"attachment_3649\" aria-describedby=\"caption-attachment-3649\" style=\"width: 800px\" class=\"wp-caption aligncenter\"><img loading=\"lazy\" decoding=\"async\" class=\"wp-image-3649 size-large\" src=\"http:\/\/noticiasveracruz.com\/wp-content\/uploads\/2022\/04\/P-NICARAGUA3-1024x573.png\" alt=\"\" width=\"800\" height=\"448\" srcset=\"https:\/\/noticiasveracruz.com\/wp-content\/uploads\/2022\/04\/P-NICARAGUA3-1024x573.png 1024w, https:\/\/noticiasveracruz.com\/wp-content\/uploads\/2022\/04\/P-NICARAGUA3-300x168.png 300w, https:\/\/noticiasveracruz.com\/wp-content\/uploads\/2022\/04\/P-NICARAGUA3-768x430.png 768w, https:\/\/noticiasveracruz.com\/wp-content\/uploads\/2022\/04\/P-NICARAGUA3-1536x859.png 1536w, https:\/\/noticiasveracruz.com\/wp-content\/uploads\/2022\/04\/P-NICARAGUA3-600x336.png 600w, https:\/\/noticiasveracruz.com\/wp-content\/uploads\/2022\/04\/P-NICARAGUA3.png 1816w\" sizes=\"auto, (max-width: 800px) 100vw, 800px\" \/><figcaption id=\"caption-attachment-3649\" class=\"wp-caption-text\">Luis Almagro, secretario General de la OEA.<\/figcaption><\/figure>\n<p>&nbsp;<\/p>\n<p>&nbsp;<\/p>\n<blockquote>\n<p class=\"p1\"><span style=\"font-size: 14pt;\">La OEA particip\u00f3 de forma activa en el di\u00e1logo efectuado en 2018 y 2019 en busca de una soluci\u00f3n a la crisis, sin resultado.<\/span><\/p>\n<\/blockquote>\n<p class=\"p1\"><span style=\"font-size: 14pt;\">Durante este per\u00edodo la <strong>OEA ha emitido resoluciones que demandaba al gobierno de Daniel Ortega, un exguerrillero en el poder desde el 2007,<\/strong> efectuar reformas a la ley electoral y ha pedido de forma reiterada la liberaci\u00f3n de decenas de opositores presos.<\/span><\/p>\n<p>&nbsp;<\/p>\n<p>&nbsp;<\/p>\n<p>&nbsp;<\/p>\n","protected":false},"excerpt":{"rendered":"<p>&nbsp; Managua. Despu\u00e9s de que el gobierno de Daniel Ortega expulsara al Organizaci\u00f3n de Estados Americanos (OEA) de Nicaragua, se<\/p>\n","protected":false},"author":4,"featured_media":3648,"comment_status":"closed","ping_status":"closed","sticky":false,"template":"","format":"standard","meta":{"colormag_page_container_layout":"default_layout","colormag_page_sidebar_layout":"default_layout","_jetpack_memberships_contains_paid_content":false,"footnotes":"","jetpack_publicize_message":"","jetpack_publicize_feature_enabled":true,"jetpack_social_post_already_shared":false,"jetpack_social_options":{"image_generator_settings":{"template":"highway","default_image_id":0,"font":"","enabled":false},"version":2}},"categories":[355],"tags":[507,508,509],"class_list":["post-3647","post","type-post","status-publish","format-standard","has-post-thumbnail","hentry","category-internacional","tag-daniel-ortega","tag-nicaragua","tag-oea"],"jetpack_publicize_connections":[],"jetpack_featured_media_url":"https:\/\/noticiasveracruz.com\/wp-content\/uploads\/2022\/04\/P-NICARAGUA2.png","jetpack_sharing_enabled":true,"publishpress_future_action":{"enabled":false,"date":"2026-05-06 17:43:21","action":"change-status","newStatus":"draft","terms":[],"taxonomy":"category","extraData":[]},"publishpress_future_workflow_manual_trigger":{"enabledWorkflows":[]},"_links":{"self":[{"href":"https:\/\/noticiasveracruz.com\/index.php\/wp-json\/wp\/v2\/posts\/3647","targetHints":{"allow":["GET"]}}],"collection":[{"href":"https:\/\/noticiasveracruz.com\/index.php\/wp-json\/wp\/v2\/posts"}],"about":[{"href":"https:\/\/noticiasveracruz.com\/index.php\/wp-json\/wp\/v2\/types\/post"}],"author":[{"embeddable":true,"href":"https:\/\/noticiasveracruz.com\/index.php\/wp-json\/wp\/v2\/users\/4"}],"replies":[{"embeddable":true,"href":"https:\/\/noticiasveracruz.com\/index.php\/wp-json\/wp\/v2\/comments?post=3647"}],"version-history":[{"count":0,"href":"https:\/\/noticiasveracruz.com\/index.php\/wp-json\/wp\/v2\/posts\/3647\/revisions"}],"wp:featuredmedia":[{"embeddable":true,"href":"https:\/\/noticiasveracruz.com\/index.php\/wp-json\/wp\/v2\/media\/3648"}],"wp:attachment":[{"href":"https:\/\/noticiasveracruz.com\/index.php\/wp-json\/wp\/v2\/media?parent=3647"}],"wp:term":[{"taxonomy":"category","embeddable":true,"href":"https:\/\/noticiasveracruz.com\/index.php\/wp-json\/wp\/v2\/categories?post=3647"},{"taxonomy":"post_tag","embeddable":true,"href":"https:\/\/noticiasveracruz.com\/index.php\/wp-json\/wp\/v2\/tags?post=3647"}],"curies":[{"name":"wp","href":"https:\/\/api.w.org\/{rel}","templated":true}]}}