{"id":36119,"date":"2024-07-19T13:21:02","date_gmt":"2024-07-19T18:21:02","guid":{"rendered":"https:\/\/noticiasveracruz.com\/?p=36119"},"modified":"2024-07-19T13:21:02","modified_gmt":"2024-07-19T18:21:02","slug":"covid-19-sin-datos-oficiales","status":"publish","type":"post","link":"https:\/\/noticiasveracruz.com\/index.php\/2024\/07\/19\/covid-19-sin-datos-oficiales\/","title":{"rendered":"Covid 19 sin datos oficiales"},"content":{"rendered":"<ul>\n<li><span style=\"font-size: 14pt;\">Autoridades no reconocen que ha habido un aumento paulatino<\/span><\/li>\n<li><span style=\"font-size: 14pt;\">La mayor\u00eda de las personas contagiadas presentan s\u00edntomas leves<\/span><\/li>\n<li><span style=\"font-size: 14pt;\">Las vacunas contra el Covid 19 se encuentran agotadas en farmacias<\/span><\/li>\n<\/ul>\n<p><span style=\"font-size: 14pt;\"><strong>Por Miguel \u00c1ngel Cristiani G.<\/strong><\/span><\/p>\n<p><span style=\"font-size: 14pt;\">Aunque se asegura extraoficialmente que en las \u00faltimas semanas, se ha registrado un incremento paulatino en el n\u00famero de personas contagiadas con el virus del SARS-CoV-2 en M\u00e9xico. Seg\u00fan el reporte de la Secretar\u00eda de Salud, entre el 26 de mayo y el 6 de julio, Veracruz ha tenido un aumento de casos de COVID-19, aunque no como un repunte significativo. Durante ese per\u00edodo, se confirmaron 46 pacientes adicionales, lo que suma un total de 207 enfermos con coronavirus en 2024. Adem\u00e1s, se reportaron 18 muertes por la misma enfermedad en el estado.<\/span><\/p>\n<p><span style=\"font-size: 14pt;\">A pesar de este aumento, Veracruz no se encuentra entre las entidades con mayor incidencia a nivel nacional. Las entidades con m\u00e1s casos son Ciudad de M\u00e9xico, Quer\u00e9taro, Estado de M\u00e9xico, Nuevo Le\u00f3n y Puebla. Respecto a las defunciones, Veracruz tambi\u00e9n presenta casos, pero no est\u00e1 entre las de mayor mortalidad.<\/span><\/p>\n<p><span style=\"font-size: 14pt;\">Con corte al 6 de julio, el n\u00famero de casos hasta la semana epidemiol\u00f3gica 27 de 2024 es 60.15 por ciento inferior al registrado en el mismo periodo del a\u00f1o anterior<\/span><\/p>\n<p><span style=\"font-size: 14pt;\">La mayor\u00eda de las personas que se han contagiado presentan s\u00edntomas leves<\/span><\/p>\n<p><span style=\"font-size: 14pt;\">Si presenta s\u00edntomas respiratorios, use cubrebocas en espacios cerrados o con poca ventilaci\u00f3n<\/span><\/p>\n<p><span style=\"font-size: 14pt;\">En un bolet\u00edn, la Secretar\u00eda de Salud informa a la poblaci\u00f3n que el n\u00famero de casos de COVID-19 registrados hasta el momento se encuentra dentro de los par\u00e1metros esperados para esta \u00e9poca del a\u00f1o, en comparaci\u00f3n con lo registrado en a\u00f1os previos.<\/span><\/p>\n<p><span style=\"font-size: 14pt;\">El Sistema de Vigilancia Epidemiol\u00f3gica de Enfermedad Respiratoria Viral (Sisver) muestra que hasta la semana epidemiol\u00f3gica (SE) 27 de 2024 se han informado ocho mil 075 casos confirmados, que representan 8.2 por ciento de positividad con respecto al total de casos sospechosos.<\/span><\/p>\n<p><span style=\"font-size: 14pt;\">Es importante destacar que el n\u00famero de casos hasta la semana 27 de 2024, con corte al 6 de julio, es 60.15 por ciento inferior al registrado hasta la misma SE del 2023, cuando fueron registrados 20 mil 264 casos.<\/span><\/p>\n<p><span style=\"font-size: 14pt;\">A pesar de los esfuerzos, los expertos se\u00f1alan que revertir esta tendencia ser\u00e1 una tarea ardua y que requerir\u00e1 del compromiso de todos. \u00abNecesitamos que la gente entienda que sus acciones tienen consecuencias. Si no actuamos con responsabilidad, las consecuencias ser\u00e1n devastadoras\u00bb, nos advirti\u00f3 un epidemi\u00f3logo.<\/span><\/p>\n<p><span style=\"font-size: 14pt;\">Por lo pronto, la vacuna contra el Covid que se supone ya se pod\u00eda comprar en algunas farmacias, \u201cest\u00e1 agotada\u201d<\/span><\/p>\n<p><span style=\"font-size: 14pt;\">Tampoco se ha anunciado que se vaya a preparar otra campa\u00f1a de vacunaci\u00f3n masiva oficial por parte del gobierno federal.<\/span><\/p>\n<p><span style=\"font-size: 14pt;\">Pero adem\u00e1s, como al parecer las autoridades de la secretar\u00eda de salud est\u00e1n m\u00e1s preocupadas por los cambios de funcionarios en la nueva administraci\u00f3n, la informaci\u00f3n y los datos en las p\u00e1ginas oficiales no est\u00e1n actualizados<\/span><\/p>\n<p><span style=\"font-size: 14pt;\">Los datos publicados son del a\u00f1o pasado.<\/span><\/p>\n<p><span style=\"font-size: 14pt;\">De este a\u00f1o no hay nada a\u00fan.<\/span><\/p>\n<p><span style=\"font-size: 14pt;\">Tal vez por eso cuando entrevistaban a la secretaria de salud en Veracruz, en lugar de dar cifras que le estaban solicitando los reporteros, pidi\u00f3 que le dieran ellos datos concretos, cuando se supone que son las autoridades las que deben tenerlos y proporcionarlos a la opini\u00f3n p\u00fablica.<\/span><\/p>\n<p><span style=\"font-size: 14pt;\">El mundo al revez.<\/span><\/p>\n","protected":false},"excerpt":{"rendered":"<p>Autoridades no reconocen que ha habido un aumento paulatino La mayor\u00eda de las personas contagiadas presentan s\u00edntomas leves Las vacunas<\/p>\n","protected":false},"author":4,"featured_media":29037,"comment_status":"closed","ping_status":"closed","sticky":false,"template":"","format":"standard","meta":{"colormag_page_container_layout":"default_layout","colormag_page_sidebar_layout":"default_layout","_jetpack_memberships_contains_paid_content":false,"footnotes":"","jetpack_publicize_message":"","jetpack_publicize_feature_enabled":true,"jetpack_social_post_already_shared":true,"jetpack_social_options":{"image_generator_settings":{"template":"highway","default_image_id":0,"font":"","enabled":false},"version":2}},"categories":[6],"tags":[],"class_list":["post-36119","post","type-post","status-publish","format-standard","has-post-thumbnail","hentry","category-columnistas"],"jetpack_publicize_connections":[],"jetpack_featured_media_url":"https:\/\/noticiasveracruz.com\/wp-content\/uploads\/2024\/04\/BANNER-cristiani-NV.jpg","jetpack_sharing_enabled":true,"publishpress_future_action":{"enabled":false,"date":"2026-05-10 11:11:07","action":"change-status","newStatus":"draft","terms":[],"taxonomy":"category","extraData":[]},"publishpress_future_workflow_manual_trigger":{"enabledWorkflows":[]},"_links":{"self":[{"href":"https:\/\/noticiasveracruz.com\/index.php\/wp-json\/wp\/v2\/posts\/36119","targetHints":{"allow":["GET"]}}],"collection":[{"href":"https:\/\/noticiasveracruz.com\/index.php\/wp-json\/wp\/v2\/posts"}],"about":[{"href":"https:\/\/noticiasveracruz.com\/index.php\/wp-json\/wp\/v2\/types\/post"}],"author":[{"embeddable":true,"href":"https:\/\/noticiasveracruz.com\/index.php\/wp-json\/wp\/v2\/users\/4"}],"replies":[{"embeddable":true,"href":"https:\/\/noticiasveracruz.com\/index.php\/wp-json\/wp\/v2\/comments?post=36119"}],"version-history":[{"count":0,"href":"https:\/\/noticiasveracruz.com\/index.php\/wp-json\/wp\/v2\/posts\/36119\/revisions"}],"wp:featuredmedia":[{"embeddable":true,"href":"https:\/\/noticiasveracruz.com\/index.php\/wp-json\/wp\/v2\/media\/29037"}],"wp:attachment":[{"href":"https:\/\/noticiasveracruz.com\/index.php\/wp-json\/wp\/v2\/media?parent=36119"}],"wp:term":[{"taxonomy":"category","embeddable":true,"href":"https:\/\/noticiasveracruz.com\/index.php\/wp-json\/wp\/v2\/categories?post=36119"},{"taxonomy":"post_tag","embeddable":true,"href":"https:\/\/noticiasveracruz.com\/index.php\/wp-json\/wp\/v2\/tags?post=36119"}],"curies":[{"name":"wp","href":"https:\/\/api.w.org\/{rel}","templated":true}]}}