{"id":36051,"date":"2024-07-18T09:00:04","date_gmt":"2024-07-18T14:00:04","guid":{"rendered":"https:\/\/noticiasveracruz.com\/?p=36051"},"modified":"2024-07-18T09:00:04","modified_gmt":"2024-07-18T14:00:04","slug":"joe-biden-dice-que-abandonaria-la-carrera-presidencial-si-tuviera-un-problema-medico-grave","status":"publish","type":"post","link":"https:\/\/noticiasveracruz.com\/index.php\/2024\/07\/18\/joe-biden-dice-que-abandonaria-la-carrera-presidencial-si-tuviera-un-problema-medico-grave\/","title":{"rendered":"Joe Biden dice que abandonar\u00eda la carrera presidencial si tuviera un problema m\u00e9dico grave"},"content":{"rendered":"<div>\n<div id=\"content-body-225-12257762\">\n<p><span style=\"font-size: 14pt;\">El presidente de Estados Unidos,\u00a0Joe Biden,\u00a0afirm\u00f3 en una entrevista con BET News publicada este mi\u00e9rcoles que reconsiderar\u00eda su decisi\u00f3n de seguir en la campa\u00f1a para las elecciones de noviembre si un m\u00e9dico le diagnosticara un problema m\u00e9dico grave.<\/span><\/p>\n<p><span style=\"font-size: 14pt;\">Ante la pregunta sobre qu\u00e9 circunstancias le har\u00edan replantearse su permanencia en la carrera electoral, Biden respondi\u00f3: \u00abSi me surgiera alguna condici\u00f3n m\u00e9dica, si los m\u00e9dicos vinieran a decirme que tengo este o aquel problema\u00bb.<\/span><\/p>\n<\/div>\n<\/div>\n<div>\n<div id=\"dfp-nota-1x1s\" data-google-query-id=\"CKyrnM_fsIcDFSCnywEd89INdw\">\n<div id=\"google_ads_iframe_\/2000002\/la-prensa\/mexico_nota_1x1_0__container__\"><span style=\"font-size: 14pt;\">Esta es la primera vez que Biden deja la puerta abierta a la posibilidad de renunciar a su candidatura presidencial ante la creciente presi\u00f3n que ha enfrentado dentro del partido para que lo haga, a la que hab\u00eda respondido hasta ahora desafiante.<\/span><\/div>\n<\/div>\n<\/div>\n<article>\n<div id=\"content-body-5851641-12257762\">\n<p><span style=\"font-size: 14pt;\">La presi\u00f3n a Biden para que renuncie a su candidatura y abandone sus aspiraciones a la reelecci\u00f3n ha crecido desde el debate cara a cara de finales de junio con su rival republicano, el expresidente Donald Trump (2017-2021), del que sali\u00f3 muy perjudicado.<\/span><\/p>\n<p><span style=\"font-size: 14pt;\">Hasta el d\u00eda de hoy, 23 congresistas dem\u00f3cratas le han pedido que se haga a un lado, pero muchos m\u00e1s han expresado sus dudas sobre la edad -81 a\u00f1os- y agilidad mental de Biden para enfrentar la dura campa\u00f1a contra Trump.<\/span><\/p>\n<p><span style=\"font-size: 14pt;\">En la entrevista con BET News, Biden tambi\u00e9n admiti\u00f3 que en 2020 dijo que \u00abiba a ser un candidato de transici\u00f3n\u00bb y que en 2024 entregar\u00eda a otra persona el testigo.<\/span><\/p>\n<p><span style=\"font-size: 14pt;\">\u00abPero no anticip\u00e9 que las cosas se volver\u00edan tan, tan divididas. Francamente, creo que lo \u00fanico que trae la edad es un poco de sabidur\u00eda, y creo que he demostrado que s\u00e9 c\u00f3mo lograr cosas para el pa\u00eds. Y no quiero dejarlo\u00bb, a\u00f1adi\u00f3<\/span><\/p>\n<\/div>\n<\/article>\n","protected":false},"excerpt":{"rendered":"<p>El presidente de Estados Unidos,\u00a0Joe Biden,\u00a0afirm\u00f3 en una entrevista con BET News publicada este mi\u00e9rcoles que reconsiderar\u00eda su decisi\u00f3n de<\/p>\n","protected":false},"author":4,"featured_media":35576,"comment_status":"closed","ping_status":"closed","sticky":false,"template":"","format":"standard","meta":{"colormag_page_container_layout":"default_layout","colormag_page_sidebar_layout":"default_layout","_jetpack_memberships_contains_paid_content":false,"footnotes":"","jetpack_publicize_message":"","jetpack_publicize_feature_enabled":true,"jetpack_social_post_already_shared":true,"jetpack_social_options":{"image_generator_settings":{"template":"highway","default_image_id":0,"font":"","enabled":false},"version":2}},"categories":[355],"tags":[],"class_list":["post-36051","post","type-post","status-publish","format-standard","has-post-thumbnail","hentry","category-internacional"],"jetpack_publicize_connections":[],"jetpack_featured_media_url":"https:\/\/noticiasveracruz.com\/wp-content\/uploads\/2024\/07\/joe_biden_otan_afp.png","jetpack_sharing_enabled":true,"publishpress_future_action":{"enabled":false,"date":"2026-05-10 11:18:11","action":"change-status","newStatus":"draft","terms":[],"taxonomy":"category","extraData":[]},"publishpress_future_workflow_manual_trigger":{"enabledWorkflows":[]},"_links":{"self":[{"href":"https:\/\/noticiasveracruz.com\/index.php\/wp-json\/wp\/v2\/posts\/36051","targetHints":{"allow":["GET"]}}],"collection":[{"href":"https:\/\/noticiasveracruz.com\/index.php\/wp-json\/wp\/v2\/posts"}],"about":[{"href":"https:\/\/noticiasveracruz.com\/index.php\/wp-json\/wp\/v2\/types\/post"}],"author":[{"embeddable":true,"href":"https:\/\/noticiasveracruz.com\/index.php\/wp-json\/wp\/v2\/users\/4"}],"replies":[{"embeddable":true,"href":"https:\/\/noticiasveracruz.com\/index.php\/wp-json\/wp\/v2\/comments?post=36051"}],"version-history":[{"count":0,"href":"https:\/\/noticiasveracruz.com\/index.php\/wp-json\/wp\/v2\/posts\/36051\/revisions"}],"wp:featuredmedia":[{"embeddable":true,"href":"https:\/\/noticiasveracruz.com\/index.php\/wp-json\/wp\/v2\/media\/35576"}],"wp:attachment":[{"href":"https:\/\/noticiasveracruz.com\/index.php\/wp-json\/wp\/v2\/media?parent=36051"}],"wp:term":[{"taxonomy":"category","embeddable":true,"href":"https:\/\/noticiasveracruz.com\/index.php\/wp-json\/wp\/v2\/categories?post=36051"},{"taxonomy":"post_tag","embeddable":true,"href":"https:\/\/noticiasveracruz.com\/index.php\/wp-json\/wp\/v2\/tags?post=36051"}],"curies":[{"name":"wp","href":"https:\/\/api.w.org\/{rel}","templated":true}]}}