{"id":35986,"date":"2024-07-17T20:16:59","date_gmt":"2024-07-18T01:16:59","guid":{"rendered":"https:\/\/noticiasveracruz.com\/?p=35986"},"modified":"2024-07-17T20:16:59","modified_gmt":"2024-07-18T01:16:59","slug":"adversidad","status":"publish","type":"post","link":"https:\/\/noticiasveracruz.com\/index.php\/2024\/07\/17\/adversidad\/","title":{"rendered":"ADVERSIDAD"},"content":{"rendered":"<p><span style=\"font-size: 14pt;\">Lucio Anneo S\u00e9neca, una de las m\u00e1s elocuentes mentes de la antigua Roma, seguidor del pensar de los grandes maestros estoicos a los cuales no imit\u00f3 de manera fiel, siempre reconoci\u00f3 cuatro virtudes fundamentales:\u00a0 sabidur\u00eda, justicia, coraje y disciplina; con voz de trueno dijo: Calamitas virtutis occasio est.<\/span><\/p>\n<p><span style=\"font-size: 14pt;\">Esa calamidad de referencia viene al caso referirla, diciendo que: nunca nuestro Poder Judicial Federal ha sido tan grande como en la adversidad por la cual hoy atraviesa.<\/span><\/p>\n<p><span style=\"font-size: 14pt;\">El Primer Magistrado de la Naci\u00f3n pretende con su Reforma Judicial que nuestros recintos de impartici\u00f3n de justicia queden sujetos a su malvada forma de gobernar, de esa forma, su poder pol\u00edtico institucionalizar\u00e1 para s\u00ed el control de la constitucionalidad en la vida del Estado de Derecho. Ese control ya no quedar\u00e1 a cargo de la Suprema Corte de Justicia de la Naci\u00f3n, quedar\u00e1 a cargo de las ocurrencias del Poder Ejecutivo Federal.<\/span><\/p>\n<p><span style=\"font-size: 14pt;\">La Suprema Corte de Justicia de la Naci\u00f3n, con esa insulsa ocurrencia, ser\u00e1 integrada por ministros de elecci\u00f3n popular, la cual se har\u00e1 de manera similar a las elecciones presidenciales mediante sufragio, \u00e9ste voto escoger\u00e1 a los candidatos impreparados que sean apoyados por el fen\u00f3meno de la narco-pol\u00edtica, para que finalmente y en su momento, el Honorable Congreso de la Uni\u00f3n emita la declaratoria de rigor. Vaya insensatez que a no dudarlo, es otro desacierto en su forma de pensar y gobernar.<\/span><\/p>\n<p><span style=\"font-size: 14pt;\">De acuerdo con esa \u201cReforma Judicial\u201d; la Suprema Corte de Justicia, se asociar\u00e1 con sus narco-pol\u00edticos impunes, con sus oficiales castrenses y se erigir\u00e1 en Suprema Corte para conocer y resolver en sus dict\u00e1menes sobre los deseos del Supremo Gobierno, se erigir\u00e1n as\u00ed, en cortes marciales para sancionar a todos aquellos adversarios pol\u00edticos.<\/span><\/p>\n<p><span style=\"font-size: 14pt;\">Si se compara la \u201cReforma Judicial\u201d con \u201cel atraso y la arbitrariedad\u201d, se observar\u00e1 que en el documento de Andr\u00e9s Manuel L\u00f3pez Obrador, se han explicitado, estirado y aumentado sus ocurrencias para con ellas da\u00f1ar a nuestra justicia. \u00c9sta consecuencia es verdaderamente natural en su sistema absurdo de gobernar.<\/span><\/p>\n<p><span style=\"font-size: 14pt;\">Empero, jueces, magistrados, ministros y abogados independientes ahora le vamos a estorbar diciendo: <strong>no al voto popular<\/strong>, toda vez que en \u00e9ste momento pol\u00edtico la adversidad nos concedi\u00f3 el don de despertar la inconformidad con su forma de mandatar.<\/span><\/p>\n<p>&nbsp;<\/p>\n<p><span style=\"font-size: 14pt;\">Es cu\u00e1nto.<\/span><\/p>\n<p>&nbsp;<\/p>\n<p><span style=\"font-size: 14pt;\">Lic. Alberto Woolrich Ort\u00edz.<\/span><\/p>\n","protected":false},"excerpt":{"rendered":"<p>Lucio Anneo S\u00e9neca, una de las m\u00e1s elocuentes mentes de la antigua Roma, seguidor del pensar de los grandes maestros<\/p>\n","protected":false},"author":4,"featured_media":3616,"comment_status":"closed","ping_status":"closed","sticky":false,"template":"","format":"standard","meta":{"colormag_page_container_layout":"default_layout","colormag_page_sidebar_layout":"default_layout","_jetpack_memberships_contains_paid_content":false,"footnotes":"","jetpack_publicize_message":"","jetpack_publicize_feature_enabled":true,"jetpack_social_post_already_shared":true,"jetpack_social_options":{"image_generator_settings":{"template":"highway","default_image_id":0,"font":"","enabled":false},"version":2}},"categories":[6],"tags":[],"class_list":["post-35986","post","type-post","status-publish","format-standard","has-post-thumbnail","hentry","category-columnistas"],"jetpack_publicize_connections":[],"jetpack_featured_media_url":"https:\/\/noticiasveracruz.com\/wp-content\/uploads\/2022\/04\/NV-ALBERTO-WOOLRICH-1.png","jetpack_sharing_enabled":true,"publishpress_future_action":{"enabled":false,"date":"2026-05-10 11:10:59","action":"change-status","newStatus":"draft","terms":[],"taxonomy":"category","extraData":[]},"publishpress_future_workflow_manual_trigger":{"enabledWorkflows":[]},"_links":{"self":[{"href":"https:\/\/noticiasveracruz.com\/index.php\/wp-json\/wp\/v2\/posts\/35986","targetHints":{"allow":["GET"]}}],"collection":[{"href":"https:\/\/noticiasveracruz.com\/index.php\/wp-json\/wp\/v2\/posts"}],"about":[{"href":"https:\/\/noticiasveracruz.com\/index.php\/wp-json\/wp\/v2\/types\/post"}],"author":[{"embeddable":true,"href":"https:\/\/noticiasveracruz.com\/index.php\/wp-json\/wp\/v2\/users\/4"}],"replies":[{"embeddable":true,"href":"https:\/\/noticiasveracruz.com\/index.php\/wp-json\/wp\/v2\/comments?post=35986"}],"version-history":[{"count":0,"href":"https:\/\/noticiasveracruz.com\/index.php\/wp-json\/wp\/v2\/posts\/35986\/revisions"}],"wp:featuredmedia":[{"embeddable":true,"href":"https:\/\/noticiasveracruz.com\/index.php\/wp-json\/wp\/v2\/media\/3616"}],"wp:attachment":[{"href":"https:\/\/noticiasveracruz.com\/index.php\/wp-json\/wp\/v2\/media?parent=35986"}],"wp:term":[{"taxonomy":"category","embeddable":true,"href":"https:\/\/noticiasveracruz.com\/index.php\/wp-json\/wp\/v2\/categories?post=35986"},{"taxonomy":"post_tag","embeddable":true,"href":"https:\/\/noticiasveracruz.com\/index.php\/wp-json\/wp\/v2\/tags?post=35986"}],"curies":[{"name":"wp","href":"https:\/\/api.w.org\/{rel}","templated":true}]}}