{"id":3568,"date":"2022-04-25T00:35:50","date_gmt":"2022-04-25T05:35:50","guid":{"rendered":"https:\/\/noticiasveracruz.com\/?p=3568"},"modified":"2022-04-25T00:02:47","modified_gmt":"2022-04-25T05:02:47","slug":"reaparece-el-nino-verde","status":"publish","type":"post","link":"https:\/\/noticiasveracruz.com\/index.php\/2022\/04\/25\/reaparece-el-nino-verde\/","title":{"rendered":"Reaparece el\u00a0Ni\u00f1o Verde"},"content":{"rendered":"<p>&nbsp;<\/p>\n<p class=\"p1\"><span style=\"font-size: 18pt;\"><b>Por Jos\u00e9 P\u00e1ramo Castro<\/b><\/span><\/p>\n<p class=\"p1\"><span style=\"font-size: 14pt;\"><strong>La complicidad del\u00a0<i>Ni\u00f1o Verde\u00a0<\/i>y la campa\u00f1a por la gubernatura de Quintana Roo de Mara Lezama es cada d\u00eda m\u00e1s evidente<\/strong>. Ante la fragilidad de su trayectoria y la oscuridad de su actuaci\u00f3n al frente de la presidencia municipal de Canc\u00fan, su delantera en la intenci\u00f3n del voto se viene abajo.<\/span><\/p>\n<p class=\"p1\"><span style=\"font-size: 14pt;\"><strong>La votaci\u00f3n contra la reforma el\u00e9ctrica, debilit\u00f3 al PAN principalmente.<\/strong> En m\u00e1s de uno de los estados su porcentaje en intenci\u00f3n del voto disminuy\u00f3. La excepci\u00f3n no fue Aguascalientes donde ese partido ten\u00eda calculado su \u00fanico triunfo; sin embargo, ahora est\u00e1 en segundo lugar en las encuestas de esa entidad.<\/span><\/p>\n<p class=\"p1\"><span style=\"font-size: 14pt;\">En Quintana Roo, Laura Fern\u00e1ndez, de la alianza PAN y el PRD para la gubernatura, pierde fuerza por la misma raz\u00f3n del deterioro de su imagen por el voto contra la reforma el\u00e9ctrica.<\/span><\/p>\n<p class=\"p1\"><span style=\"font-size: 14pt;\">En cuanto a Mara Lezama le surgi\u00f3 un aliado que m\u00e1s le valdr\u00eda ser su enemigo, porque se trata nada menos del\u00a0<i>Ni\u00f1o Verde<\/i>, Jorge Emilio Gonz\u00e1lez, hijo del due\u00f1o de ese partido, quien para rescatar a la candidata de Morena a la gubernatura de la ca\u00edda libre en la que se encuentra, agredi\u00f3 a la\u00a0candidata Laura Fern\u00e1ndez, con agresiones verbales que desgastaron la imagen tanto de ella como del agresor, de trayectoria bastante oscura.<\/span><\/p>\n<blockquote>\n<p class=\"p1\"><span style=\"font-size: 14pt;\">La amistad entre Mara Lezama y el\u00a0<i>Ni\u00f1o Verde\u00a0<\/i>no es nueva, \u00e9ste le prometi\u00f3 la candidatura de Morena en alianza con el Verde a cambio de que esperara hasta este a\u00f1o para competir por la gubernatura. El PRI sali\u00f3 de la alianza que el parec\u00eda tambi\u00e9n muy sucia en la competencia y coloca a la hija de uno de los gobernadores m\u00e1s grises de las pocas administraciones de la entidad.<\/span><\/p>\n<\/blockquote>\n<p class=\"p1\"><span style=\"font-size: 14pt;\">Fern\u00e1ndez dijo que present\u00f3 denuncias ante el INE y la FGR contra Jorge Emilio, cuenta con el apoyo del PAN y PRD nacional, lo cual parecer\u00eda ser contraproducente por las \u00faltimas informaciones sobre estos partidos que son denunciados p\u00fablicamente por vender su voto contra la reforma por un pu\u00f1ado de d\u00f3lares. <strong>\u201cEstamos ante un personaje voraz, que se siente libre de amenazar, intimidar a una mujer, porque sabe que hoy \u00e9l es el due\u00f1o de Canc\u00fan\u201d, advirti\u00f3 Laura Fern\u00e1ndez.<\/strong><\/span><\/p>\n<blockquote>\n<p class=\"p1\"><span style=\"font-size: 14pt;\">Jorge Emilio se expresa as\u00ed de Laura Fern\u00e1ndez: \u201cNo, no, es una ratera, ojeta, est\u00e1 bien fea, adem\u00e1s. Es una hija de su p\u2026\u201d. Desesperado el Ni\u00f1o Verde quiere que su amiga Lezama gane la gubernatura.<\/span><\/p>\n<\/blockquote>\n<p class=\"p1\"><span style=\"font-size: 14pt;\">Mientras el conflicto se intensifica entre esos candidatos y personajes del pasado, la figura del Dr. Jos\u00e9 Luis Pech se fortalece y camina por la campa\u00f1a con propuestas y anunci\u00f3\u00a0un gobierno decente que tendr\u00e1 como requisito relevante que los futuros servidores p\u00fablicos le tengan cari\u00f1o y respeto a esta tierra, y para ello, quienes formen parte de su administraci\u00f3n deber\u00e1n tener al menos 10 a\u00f1os de residencia en la entidad, para evitar improvisaciones.<\/span><\/p>\n<p class=\"p1\"><span style=\"font-size: 14pt;\">La gente se acerca a Jos\u00e9 Luis Pech no s\u00f3lo para brindarle su apoyo sino para denunciar anomal\u00edas del resto de los candidatos a la gubernatura, sobre todo en Canc\u00fan donde hay mucho que investigar sobre la candidata de Morena.<\/span><\/p>\n<p class=\"p1\"><span style=\"font-size: 14pt;\">As\u00ed, Pech anuncia las condiciones que deber\u00e1n de cumplir los funcionarios de su gobierno, tales como que cursen y aprueben capacitaciones en administraci\u00f3n, legalidad y \u00e9tica; y tambi\u00e9n pasen ex\u00e1menes de confiabilidad, requisito que se aplicar\u00e1 cada a\u00f1o del sexenio para el caso de los mandos superiores.\u00a0<\/span><\/p>\n<blockquote>\n<p class=\"p1\"><span style=\"font-size: 14pt;\">Destac\u00f3 que \u00abtendremos un sistema de evaluaci\u00f3n interno y externo para medir la eficacia y honorabilidad de los funcionarios; y las dependencias y sus funcionarios ser\u00e1n evaluados por la sociedad mediante encuestas de calidad del servicio p\u00fablico, adem\u00e1s de que las y los mejores servidores ser\u00e1n recompensados con est\u00edmulos econ\u00f3micos y ascensos\u00bb.\u00a0<\/span><\/p>\n<\/blockquote>\n<p class=\"p1\"><span style=\"font-size: 14pt;\">El candidato Jos\u00e9 Luis Pech sabe que detr\u00e1s del Quintana Roo glamuroso hay otro, donde hace falta un gobierno con visi\u00f3n social y no s\u00f3lo empresarial. Lleno de calles sin pavimentar, sin servicios, casas de cart\u00f3n y mucha violencia\u00a0es ah\u00ed donde debe trabajarse y es precisamente donde\u00a0recibi\u00f3 el reconocimiento y apoyo de los habitantes, como es el caso del asentamiento irregular de Tres Reyes.<\/span><\/p>\n<p class=\"p1\"><span style=\"font-size: 14pt;\">Los pron\u00f3sticos que daban como ganadora a Mara Lezama con una amplia ventaja empiezan a desmoronarse. La poblaci\u00f3n de Quintana Roo no quiere que toda la entidad tenga desigualdades sociales que repercuten en todo su territorio.<\/span><\/p>\n<p>&nbsp;<\/p>\n","protected":false},"excerpt":{"rendered":"<p>&nbsp; Por Jos\u00e9 P\u00e1ramo Castro La complicidad del\u00a0Ni\u00f1o Verde\u00a0y la campa\u00f1a por la gubernatura de Quintana Roo de Mara Lezama<\/p>\n","protected":false},"author":4,"featured_media":3569,"comment_status":"closed","ping_status":"closed","sticky":false,"template":"","format":"standard","meta":{"colormag_page_container_layout":"default_layout","colormag_page_sidebar_layout":"default_layout","_jetpack_memberships_contains_paid_content":false,"footnotes":"","jetpack_publicize_message":"","jetpack_publicize_feature_enabled":true,"jetpack_social_post_already_shared":false,"jetpack_social_options":{"image_generator_settings":{"template":"highway","default_image_id":0,"font":"","enabled":false},"version":2}},"categories":[6],"tags":[490,488,489],"class_list":["post-3568","post","type-post","status-publish","format-standard","has-post-thumbnail","hentry","category-columnistas","tag-mara-lezama","tag-nino-verde","tag-quintana-roo"],"jetpack_publicize_connections":[],"jetpack_featured_media_url":"https:\/\/noticiasveracruz.com\/wp-content\/uploads\/2022\/04\/NV-JOSE\u0301-PA\u0301RAMO.png","jetpack_sharing_enabled":true,"publishpress_future_action":{"enabled":false,"date":"2026-05-05 08:55:23","action":"change-status","newStatus":"draft","terms":[],"taxonomy":"category","extraData":[]},"publishpress_future_workflow_manual_trigger":{"enabledWorkflows":[]},"_links":{"self":[{"href":"https:\/\/noticiasveracruz.com\/index.php\/wp-json\/wp\/v2\/posts\/3568","targetHints":{"allow":["GET"]}}],"collection":[{"href":"https:\/\/noticiasveracruz.com\/index.php\/wp-json\/wp\/v2\/posts"}],"about":[{"href":"https:\/\/noticiasveracruz.com\/index.php\/wp-json\/wp\/v2\/types\/post"}],"author":[{"embeddable":true,"href":"https:\/\/noticiasveracruz.com\/index.php\/wp-json\/wp\/v2\/users\/4"}],"replies":[{"embeddable":true,"href":"https:\/\/noticiasveracruz.com\/index.php\/wp-json\/wp\/v2\/comments?post=3568"}],"version-history":[{"count":0,"href":"https:\/\/noticiasveracruz.com\/index.php\/wp-json\/wp\/v2\/posts\/3568\/revisions"}],"wp:featuredmedia":[{"embeddable":true,"href":"https:\/\/noticiasveracruz.com\/index.php\/wp-json\/wp\/v2\/media\/3569"}],"wp:attachment":[{"href":"https:\/\/noticiasveracruz.com\/index.php\/wp-json\/wp\/v2\/media?parent=3568"}],"wp:term":[{"taxonomy":"category","embeddable":true,"href":"https:\/\/noticiasveracruz.com\/index.php\/wp-json\/wp\/v2\/categories?post=3568"},{"taxonomy":"post_tag","embeddable":true,"href":"https:\/\/noticiasveracruz.com\/index.php\/wp-json\/wp\/v2\/tags?post=3568"}],"curies":[{"name":"wp","href":"https:\/\/api.w.org\/{rel}","templated":true}]}}