{"id":3555,"date":"2022-04-25T00:15:23","date_gmt":"2022-04-25T05:15:23","guid":{"rendered":"https:\/\/noticiasveracruz.com\/?p=3555"},"modified":"2022-04-24T23:45:16","modified_gmt":"2022-04-25T04:45:16","slug":"amlo-y-la-cuarta-transformacion","status":"publish","type":"post","link":"https:\/\/noticiasveracruz.com\/index.php\/2022\/04\/25\/amlo-y-la-cuarta-transformacion\/","title":{"rendered":"AMLO y la Cuarta Transformaci\u00f3n"},"content":{"rendered":"<p>&nbsp;<\/p>\n<p class=\"p1\"><span style=\"font-size: 18pt;\"><b>Por Ra\u00fal L\u00f3pez G\u00f3mez<\/b><\/span><\/p>\n<p class=\"p1\"><span style=\"font-size: 14pt;\">El diputado federal veracruzano, Sergio Guti\u00e9rrez Luna, destaca como promotor de las acciones de la Cuarta Transformaci\u00f3n del presidente AMLO.<\/span><\/p>\n<p class=\"p1\"><span style=\"font-size: 14pt;\">Habl\u00f3 de la magna obra del Corredor Interoce\u00e1nico, que ya atrajo la inversi\u00f3n de mil 300 millones de d\u00f3lares de Constellations Brands, dar\u00e1 un impulso a la econom\u00eda veracruzana donde todos los gremios deben participar de manera colegiada y profesionalizada para aprovechar esta gran oportunidad plante\u00f3, Sergio Guti\u00e9rrez Luna.<\/span><\/p>\n<p>&nbsp;<\/p>\n<figure id=\"attachment_4376\" aria-describedby=\"caption-attachment-4376\" style=\"width: 800px\" class=\"wp-caption aligncenter\"><img loading=\"lazy\" decoding=\"async\" class=\"wp-image-4376 size-large\" src=\"https:\/\/politicosaldesnudo.com.mx\/wp-content\/uploads\/2022\/04\/P-1SERGIOLUNA-1024x573.png\" alt=\"\" width=\"800\" height=\"448\" \/><figcaption id=\"caption-attachment-4376\" class=\"wp-caption-text\">Sergio Guti\u00e9rrez Luna se reuni\u00f3 con dirigentes de las c\u00e1maras de ingenieros y arquitectos de la regi\u00f3n de Xalapa.<\/figcaption><\/figure>\n<p>&nbsp;<\/p>\n<p class=\"p1\"><span style=\"font-size: 14pt;\">El veracruzano presidente de la C\u00e1mara de Diputados,\u00a0se reuni\u00f3 este s\u00e1bado con integrantes de los colegios de Ingenieros y Arquitectos de la regi\u00f3n Xalapa-Coatepec.<\/span><\/p>\n<p class=\"p1\"><span style=\"font-size: 14pt;\">En lo que se defini\u00f3 como un punto de partida para atender de manera conjunta los planteamientos de ambos gremios, Guti\u00e9rrez Luna remarc\u00f3 la importancia del crecimiento econ\u00f3mico para atender las demandas del Pueblo.<\/span><\/p>\n<p class=\"p1\"><span style=\"font-size: 14pt;\">Explic\u00f3, que el Corredor Interoce\u00e1nico del Istmo de Tehuantepec (CIIT), obra emblem\u00e1tica del Presidente Andr\u00e9s Manuel L\u00f3pez Obrador, es una puerta que conecta a Veracruz con Europa y Asia que debe aprovecharse.<\/span><\/p>\n<p class=\"p1\"><span style=\"font-size: 14pt;\">El legislador federal minatitleco defini\u00f3 que \u00abVeracruz es una entidad que ve hacia afuera\u00bb y una muestra de ello es el encuentro \u00abVeracruz en San L\u00e1zaro\u00bb realizado en la C\u00e1mara de Diputados, as\u00ed como reuniones con diplom\u00e1ticos, como la que sostendr\u00e1 en breve con el embajador de China en M\u00e9xico.<\/span><\/p>\n<p class=\"p1\"><span style=\"font-size: 14pt;\">En la reuni\u00f3n de trabajo con el legislador federal, participaron integrantes de los colegios de Arquitectos e Ingenieros de la regi\u00f3n Xalapa &#8211; Coatepec, del Consejo del Colegio de Ingenieros Civiles de Xalapa A.C; del Colegio de Arquitectos CAXEV y del Colegio de Arquitectos de Xalapa.<\/span><\/p>\n<p class=\"p1\"><span style=\"font-size: 14pt;\">Destacaron, su disponibilidad en establecer un marco jur\u00eddico para la profesionalizaci\u00f3n y certificaci\u00f3n con el objetivo de realizar obras de buena calidad que favorezcan a la comunidad.<\/span><\/p>\n<p class=\"p1\"><span style=\"font-size: 14pt;\">Guti\u00e9rrez Luna, coment\u00f3 que los integrantes de los colegios deben participar en temas como la elaboraci\u00f3n de un Plan Estrat\u00e9gico de Infraestructura, con prioridad en carreteras transversales para detonar Campo y Turismo de Veracruz.<\/span><\/p>\n<p class=\"p1\"><span style=\"font-size: 14pt;\">Consider\u00f3, fundamental los criterios y participaci\u00f3n t\u00e9cnica, con el respaldo de la comunidad, para legitimar la obra p\u00fablica. Arquitectos e ingenieros acordaron integrar una comisi\u00f3n de ambos colegios para darle seguimiento, de manera coordinada con el minatitleco Guti\u00e9rrez Luna, a los planteamientos del marco jur\u00eddico.<\/span><\/p>\n<p class=\"p1\"><span style=\"font-size: 14pt;\">En el estado de Veracruz, se ve en el diputado federal, Sergio Guti\u00e9rrez Luna, al liderazgo ideal de conocimiento y experiencia pol\u00edtica que avanza con certidumbre desde la presidencia de la C\u00e1mara de Diputados, y de que hay que respetar a su elevada investidura, sin desvirtuar sus reales aportes al fomento de la cultura y el deporte entre los veracruzanos, lo que no ri\u00f1e con su actividad de legislador.<\/span><\/p>\n<p class=\"p1\"><span style=\"font-size: 14pt;\">En otro tema, que comenz\u00f3 la operaci\u00f3n cicatriz entre unos y otros de las diversas fuerzas pol\u00edticas, al parecer se entendi\u00f3 el valor de la unidad, de la concertaci\u00f3n de acuerdos y de la conciliaci\u00f3n favorable para el pa\u00eds, despu\u00e9s del domingo de confrontaci\u00f3n pol\u00edtica de intereses y de ofensas entre grupos pol\u00edticos.<\/span><\/p>\n<p class=\"p1\"><span style=\"font-size: 14pt;\">Superado el desconcierto, entre los actores y actrices del poder pol\u00edtico<span class=\"Apple-converted-space\">\u00a0 <\/span>al fin se entendi\u00f3 el debate de ideas, de acuerdos para el mejoramiento del pa\u00eds y de que la pol\u00edtica debe entenderse como el arte y la ciencia m\u00e1s antigua para gobernar a trav\u00e9s del entendimiento y no de las disputas.<\/span><\/p>\n<p class=\"p1\"><span style=\"font-size: 14pt;\">Desde las diversas \u00f3pticas, se entendi\u00f3 que la pol\u00edtica debe de ser acuerdos y de concertaci\u00f3n, pero con fines y objetivos claros por el inter\u00e9s nacional, como lo expres\u00f3 el senador Ricardo Monreal, en un llamado a la civilidad y los acuerdos.<\/span><\/p>\n<p class=\"p1\"><span style=\"font-size: 14pt;\">Al presidente AMLO, se le reconoce como un hombre inteligente, luchador social incansable y proclive a caminar entre los pobres, como lo hizo hace miles de a\u00f1os el maestro de maestros, y luego hasta lo crucificaron.<\/span><\/p>\n<p>&nbsp;<\/p>\n<figure id=\"attachment_4375\" aria-describedby=\"caption-attachment-4375\" style=\"width: 800px\" class=\"wp-caption aligncenter\"><img loading=\"lazy\" decoding=\"async\" class=\"wp-image-4375 size-large\" src=\"https:\/\/politicosaldesnudo.com.mx\/wp-content\/uploads\/2022\/04\/P-1AMLO-1024x573.png\" alt=\"\" width=\"800\" height=\"448\" \/><figcaption id=\"caption-attachment-4375\" class=\"wp-caption-text\">Ken Salazar, Embajador de Estados Unidos en M\u00e9xico, durante los trabajos con el presidente Andr\u00e9s Manuel L\u00f3pez Obrador en San Juan de Ulua con empresario de EU y Canad\u00e1.<\/figcaption><\/figure>\n<p>&nbsp;<\/p>\n<p class=\"p1\"><span style=\"font-size: 14pt;\">Por cierto, llam\u00f3 la atenci\u00f3n, el mensaje del embajador de EU en M\u00e9xico, Ken Salazar, positivo y no se trata del canto de las sirenas, sino m\u00e1s bien de la apuesta a las nuevas inversiones que generan empleo y desarrollo, en forma especial para el sureste mexicano, en donde dijo en la reuni\u00f3n en Veracruz con el presidente AMLO y representantes de las empresas trasnacionales, de que en el futuro del pa\u00eds, se asoma por fin la suma de intereses hacia un solo objetivo que es el de proteger al ser humano, al migrante y que se percibe estrechar m\u00e1s, la relaci\u00f3n de Canad\u00e1, EU y M\u00e9xico, con Centroam\u00e9rica, como la mejor salida a la soluci\u00f3n a los problemas de los gobiernos que no han podido generar opciones de empleo para su propia gente en aquella regi\u00f3n.<\/span><\/p>\n<p>&nbsp;<\/p>\n<figure id=\"attachment_4377\" aria-describedby=\"caption-attachment-4377\" style=\"width: 800px\" class=\"wp-caption aligncenter\"><img loading=\"lazy\" decoding=\"async\" class=\"wp-image-4377 size-large\" src=\"https:\/\/politicosaldesnudo.com.mx\/wp-content\/uploads\/2022\/04\/P-1UNANE-1024x573.png\" alt=\"\" width=\"800\" height=\"448\" \/><figcaption id=\"caption-attachment-4377\" class=\"wp-caption-text\">El alcalde de Boca del R\u00edo, Juan Manuel Un\u00e1nue, tom\u00f3 protesta a Comit\u00e9 de Mujeres Empresarias.<\/figcaption><\/figure>\n<p>&nbsp;<\/p>\n<p class=\"p1\"><span style=\"font-size: 14pt;\">En Boca del R\u00edo, las mujeres pueden disfrutar de vivir en una ciudad con desarrollo e igualdad, destac\u00f3 el alcalde Juan Manuel Un\u00e1nue Abascal. en el marco de la toma de protesta de la Mtra. Norma Alicia Ram\u00edrez Hinojosa como presidenta del Consejo Coordinador de Mujeres Empresarias (CCME) Cap\u00edtulo Veracruz.<\/span><\/p>\n<p class=\"p1\"><span style=\"font-size: 14pt;\">Desde que tuvo la oportunidad de ser representante de los boque\u00f1os en el Congreso de Veracruz, y ahora como Presidente Municipal, \u201che tenido como eje rector de mi trabajo, el reconocimiento e impulso de pol\u00edticas a favor de las mujeres\u201d, dijo Un\u00e1nue.<\/span><\/p>\n<p class=\"p1\"><span style=\"font-size: 14pt;\">Por la importancia que tienen las mujeres, no solo reconociendo, sino haciendo visible sus aportaciones a la sociedad, por ello, desde el Instituto Municipal de las Mujeres (IMMUJERES), la Direcci\u00f3n de Desarrollo Econ\u00f3mico y con el DIF Municipal que preside Melina Rivera de Un\u00e1nue, se est\u00e1 impulsando el talento de las boque\u00f1as.<\/span><\/p>\n<p class=\"p1\"><span style=\"font-size: 14pt;\">Un\u00e1nue Abascal, dijo que se cre\u00f3 el proyecto \u00abMercadito Unidas\u00bb, donde en primera oportunidad participaron 50 emprendedoras, donde se busc\u00f3 reactivar su econom\u00eda, la cual fue afectada durante la pandemia de Covid-19.<\/span><\/p>\n<p class=\"p1\"><span style=\"font-size: 14pt;\">Y muy felicitado en ocasi\u00f3n de celebrar ochenta y seis a\u00f1os de vida, el periodista \u00c1ngel \u00c1lvaro Pe\u00f1a, quien se form\u00f3 con el gobernador Rafael Murillo Vidal, y fue jefe de giras presidenciales con don Jos\u00e9 L\u00f3pez Portillo. El famoso Yaqui Tuxpe\u00f1o, es ejemplo de amistad y de compa\u00f1erismo, entre sus colegas de la prensa veracruzana y nacional.<\/span><\/p>\n<p>&nbsp;<\/p>\n<figure id=\"attachment_4374\" aria-describedby=\"caption-attachment-4374\" style=\"width: 800px\" class=\"wp-caption aligncenter\"><img loading=\"lazy\" decoding=\"async\" class=\"wp-image-4374 size-large\" src=\"https:\/\/politicosaldesnudo.com.mx\/wp-content\/uploads\/2022\/04\/P-1ALVARO-1024x573.png\" alt=\"\" width=\"800\" height=\"448\" \/><figcaption id=\"caption-attachment-4374\" class=\"wp-caption-text\">\u00c1ngel \u00c1lvaro Pe\u00f1a.<\/figcaption><\/figure>\n<p>&nbsp;<\/p>\n<p class=\"p1\"><span style=\"font-size: 14pt;\">Sentido p\u00e9same: trascendi\u00f3 a la inmortalidad este s\u00e1bado en la capital del estado, el licenciado Ignacio Gonz\u00e1lez Rebolledo, un hombre de pensamiento universal. Fue alcalde de Xalapa, presidente de la Legislatura del Estado, y con una impecable trayectoria en el servicio p\u00fablico de hombre probo y honesto, que deja profunda huella a un gran legado para las actuales y futuras generaciones de los aut\u00e9nticos y verdaderos personajes y caballeros de la pol\u00edtica. QEPD. As\u00ed las cosas. <\/span><\/p>\n<p>&nbsp;<\/p>\n<p>&nbsp;<\/p>\n<p>&nbsp;<\/p>\n","protected":false},"excerpt":{"rendered":"<p>&nbsp; Por Ra\u00fal L\u00f3pez G\u00f3mez El diputado federal veracruzano, Sergio Guti\u00e9rrez Luna, destaca como promotor de las acciones de la<\/p>\n","protected":false},"author":4,"featured_media":3560,"comment_status":"closed","ping_status":"closed","sticky":false,"template":"","format":"standard","meta":{"colormag_page_container_layout":"default_layout","colormag_page_sidebar_layout":"default_layout","_jetpack_memberships_contains_paid_content":false,"footnotes":"","jetpack_publicize_message":"","jetpack_publicize_feature_enabled":true,"jetpack_social_post_already_shared":false,"jetpack_social_options":{"image_generator_settings":{"template":"highway","default_image_id":0,"font":"","enabled":false},"version":2}},"categories":[6],"tags":[],"class_list":["post-3555","post","type-post","status-publish","format-standard","has-post-thumbnail","hentry","category-columnistas"],"jetpack_publicize_connections":[],"jetpack_featured_media_url":"https:\/\/noticiasveracruz.com\/wp-content\/uploads\/2022\/04\/NV-RAU\u0301L-LO\u0301PEZ.png","jetpack_sharing_enabled":true,"publishpress_future_action":{"enabled":false,"date":"2026-05-05 04:13:12","action":"change-status","newStatus":"draft","terms":[],"taxonomy":"category","extraData":[]},"publishpress_future_workflow_manual_trigger":{"enabledWorkflows":[]},"_links":{"self":[{"href":"https:\/\/noticiasveracruz.com\/index.php\/wp-json\/wp\/v2\/posts\/3555","targetHints":{"allow":["GET"]}}],"collection":[{"href":"https:\/\/noticiasveracruz.com\/index.php\/wp-json\/wp\/v2\/posts"}],"about":[{"href":"https:\/\/noticiasveracruz.com\/index.php\/wp-json\/wp\/v2\/types\/post"}],"author":[{"embeddable":true,"href":"https:\/\/noticiasveracruz.com\/index.php\/wp-json\/wp\/v2\/users\/4"}],"replies":[{"embeddable":true,"href":"https:\/\/noticiasveracruz.com\/index.php\/wp-json\/wp\/v2\/comments?post=3555"}],"version-history":[{"count":0,"href":"https:\/\/noticiasveracruz.com\/index.php\/wp-json\/wp\/v2\/posts\/3555\/revisions"}],"wp:featuredmedia":[{"embeddable":true,"href":"https:\/\/noticiasveracruz.com\/index.php\/wp-json\/wp\/v2\/media\/3560"}],"wp:attachment":[{"href":"https:\/\/noticiasveracruz.com\/index.php\/wp-json\/wp\/v2\/media?parent=3555"}],"wp:term":[{"taxonomy":"category","embeddable":true,"href":"https:\/\/noticiasveracruz.com\/index.php\/wp-json\/wp\/v2\/categories?post=3555"},{"taxonomy":"post_tag","embeddable":true,"href":"https:\/\/noticiasveracruz.com\/index.php\/wp-json\/wp\/v2\/tags?post=3555"}],"curies":[{"name":"wp","href":"https:\/\/api.w.org\/{rel}","templated":true}]}}