{"id":3532,"date":"2022-04-23T22:13:23","date_gmt":"2022-04-24T03:13:23","guid":{"rendered":"https:\/\/noticiasveracruz.com\/?p=3532"},"modified":"2022-04-23T22:55:43","modified_gmt":"2022-04-24T03:55:43","slug":"rescata-inm-330-inmigrante-en-carretera-puebla-orizaba","status":"publish","type":"post","link":"https:\/\/noticiasveracruz.com\/index.php\/2022\/04\/23\/rescata-inm-330-inmigrante-en-carretera-puebla-orizaba\/","title":{"rendered":"INM rescata a 330 inmigrantes en carretera Puebla-Orizaba"},"content":{"rendered":"<p class=\"p1\"><span style=\"font-size: 14pt;\"><em><strong>Puebla.<\/strong> <\/em>Agentes Federales del <strong>Instituto Nacional de Migraci\u00f3n<\/strong> (INM) de la Secretar\u00eda de Gobernaci\u00f3n <strong>rescataron a 330 migrantes<\/strong> de diversas nacionalidades en la autopista Puebla-Orizaba, hecho que se puede calificar como hist\u00f3rico en al menos los \u00faltimos tres a\u00f1os.<\/span><\/p>\n<blockquote>\n<p class=\"p1\"><span style=\"font-size: 14pt;\">De ellas, 108 son de nacionalidad cubana, 14 ecuatoriana, 55 salvadore\u00f1a, 44 nicarag\u00fcense, 36 guatemalteca y 73 hondure\u00f1a.<\/span><\/p>\n<\/blockquote>\n<p class=\"p1\"><span style=\"font-size: 14pt;\"><strong>Todas las personas con estancia irregular en el territorio nacional viajaban en 11 camionetas y dos autom\u00f3viles particulares sobre dicha autopista.<\/strong><\/span><\/p>\n<p class=\"p1\"><span style=\"font-size: 14pt;\">Su <strong>localizaci\u00f3n deriv\u00f3 de las labores de inteligencia<\/strong> en las que intervinieron elementos del INM y de la Guardia Nacional (GN), as\u00ed como de la polic\u00eda estatal.<\/span><\/p>\n<p class=\"p1\"><span style=\"font-size: 14pt;\">Asimismo, en esta acci\u00f3n se puso a disposici\u00f3n a 19 personas de nacionalidad mexicana y 13 veh\u00edculos en donde viajaban, por el probable delito de tr\u00e1fico de personas, para los fines que correspondan ante la Fiscal\u00eda General de la Rep\u00fablica (FGR).<\/span><\/p>\n<p class=\"p1\"><span style=\"font-size: 14pt;\">El INM refrenda as\u00ed su compromiso por una migraci\u00f3n segura, ordenada y regular, con pleno respeto y salvaguarda a los derechos de las personas en contexto de movilidad en M\u00e9xico.<\/span><\/p>\n","protected":false},"excerpt":{"rendered":"<p>Puebla. Agentes Federales del Instituto Nacional de Migraci\u00f3n (INM) de la Secretar\u00eda de Gobernaci\u00f3n rescataron a 330 migrantes de diversas<\/p>\n","protected":false},"author":4,"featured_media":3533,"comment_status":"closed","ping_status":"closed","sticky":false,"template":"","format":"standard","meta":{"colormag_page_container_layout":"default_layout","colormag_page_sidebar_layout":"default_layout","_jetpack_memberships_contains_paid_content":false,"footnotes":"","jetpack_publicize_message":"","jetpack_publicize_feature_enabled":true,"jetpack_social_post_already_shared":false,"jetpack_social_options":{"image_generator_settings":{"template":"highway","default_image_id":0,"font":"","enabled":false},"version":2}},"categories":[356],"tags":[483,482,484,76],"class_list":["post-3532","post","type-post","status-publish","format-standard","has-post-thumbnail","hentry","category-veracruz","tag-inm","tag-migrantes","tag-orizaba","tag-puebla"],"jetpack_publicize_connections":[],"jetpack_featured_media_url":"https:\/\/noticiasveracruz.com\/wp-content\/uploads\/2022\/04\/P-INM.png","jetpack_sharing_enabled":true,"publishpress_future_action":{"enabled":false,"date":"2026-05-04 21:28:10","action":"change-status","newStatus":"draft","terms":[],"taxonomy":"category","extraData":[]},"publishpress_future_workflow_manual_trigger":{"enabledWorkflows":[]},"_links":{"self":[{"href":"https:\/\/noticiasveracruz.com\/index.php\/wp-json\/wp\/v2\/posts\/3532","targetHints":{"allow":["GET"]}}],"collection":[{"href":"https:\/\/noticiasveracruz.com\/index.php\/wp-json\/wp\/v2\/posts"}],"about":[{"href":"https:\/\/noticiasveracruz.com\/index.php\/wp-json\/wp\/v2\/types\/post"}],"author":[{"embeddable":true,"href":"https:\/\/noticiasveracruz.com\/index.php\/wp-json\/wp\/v2\/users\/4"}],"replies":[{"embeddable":true,"href":"https:\/\/noticiasveracruz.com\/index.php\/wp-json\/wp\/v2\/comments?post=3532"}],"version-history":[{"count":0,"href":"https:\/\/noticiasveracruz.com\/index.php\/wp-json\/wp\/v2\/posts\/3532\/revisions"}],"wp:featuredmedia":[{"embeddable":true,"href":"https:\/\/noticiasveracruz.com\/index.php\/wp-json\/wp\/v2\/media\/3533"}],"wp:attachment":[{"href":"https:\/\/noticiasveracruz.com\/index.php\/wp-json\/wp\/v2\/media?parent=3532"}],"wp:term":[{"taxonomy":"category","embeddable":true,"href":"https:\/\/noticiasveracruz.com\/index.php\/wp-json\/wp\/v2\/categories?post=3532"},{"taxonomy":"post_tag","embeddable":true,"href":"https:\/\/noticiasveracruz.com\/index.php\/wp-json\/wp\/v2\/tags?post=3532"}],"curies":[{"name":"wp","href":"https:\/\/api.w.org\/{rel}","templated":true}]}}