{"id":3518,"date":"2022-04-23T15:58:25","date_gmt":"2022-04-23T20:58:25","guid":{"rendered":"https:\/\/noticiasveracruz.com\/?p=3518"},"modified":"2022-04-23T23:01:43","modified_gmt":"2022-04-24T04:01:43","slug":"ignacio-gonzalez-rebolledo-in-memoriam","status":"publish","type":"post","link":"https:\/\/noticiasveracruz.com\/index.php\/2022\/04\/23\/ignacio-gonzalez-rebolledo-in-memoriam\/","title":{"rendered":"Ignacio Gonz\u00e1lez Rebolledo, in memoriam"},"content":{"rendered":"<p>&nbsp;<\/p>\n<p class=\"p1\"><strong><span style=\"font-size: 18pt;\">Por \u00c1ngel \u00c1lvaro Pe\u00f1a<\/span><\/strong><\/p>\n<p class=\"p1\"><span style=\"font-size: 14pt;\"><strong>Muri\u00f3 el licenciado Ignacio Gonz\u00e1lez Rebolledo<\/strong>, <strong>un veracruzano ejemplar<\/strong>, sin enemigos ni alguien que pudiera expresar una opini\u00f3n contraria a su persona. <strong>Siempre fue un digno representante de la entidad, donde se convirti\u00f3 en s\u00edmbolo de honestidad y humanismo.<\/strong><\/span><\/p>\n<blockquote>\n<p class=\"p1\"><span style=\"font-size: 14pt;\">En sus responsabilidades mostr\u00f3 conocimiento profundo y renov\u00f3 viejos esquemas, as\u00ed lo hizo en cada uno de sus cargos p\u00fablicos, que cubri\u00f3 con gran precisi\u00f3n y profesionalismo.<\/span><\/p>\n<\/blockquote>\n<p class=\"p1\"><span style=\"font-size: 14pt;\">El Lic. Ignacio Gonz\u00e1lez Rebolledo fue alcalde de Xalapa, como diputado local coordin\u00f3 a la bancada del PRI en la legislaci\u00f3n, fungi\u00f3 tambi\u00e9n como Procurador General de Justicia en el estado, Director del Colegio de Veracruz, entre otros cargos p\u00fablicos de gran relevancia.<\/span><\/p>\n<p>&nbsp;<\/p>\n<p><img loading=\"lazy\" decoding=\"async\" class=\"aligncenter wp-image-3540\" src=\"http:\/\/noticiasveracruz.com\/wp-content\/uploads\/2022\/04\/Cdxh52bUEAAJJQY-289x300.jpeg\" alt=\"\" width=\"600\" height=\"624\" srcset=\"https:\/\/noticiasveracruz.com\/wp-content\/uploads\/2022\/04\/Cdxh52bUEAAJJQY-289x300.jpeg 289w, https:\/\/noticiasveracruz.com\/wp-content\/uploads\/2022\/04\/Cdxh52bUEAAJJQY-768x798.jpeg 768w, https:\/\/noticiasveracruz.com\/wp-content\/uploads\/2022\/04\/Cdxh52bUEAAJJQY-600x624.jpeg 600w, https:\/\/noticiasveracruz.com\/wp-content\/uploads\/2022\/04\/Cdxh52bUEAAJJQY.jpeg 985w\" sizes=\"auto, (max-width: 600px) 100vw, 600px\" \/><\/p>\n<p>&nbsp;<\/p>\n<blockquote>\n<p class=\"p1\"><span style=\"font-size: 14pt;\">Veracruz pierde un gran hombre, que lo mismo conciliaba intereses con empresarios que con trabajadores y mostr\u00f3 su profundo conocimiento de sus actividades.<\/span><\/p>\n<\/blockquote>\n<p class=\"p1\"><span style=\"font-size: 14pt;\">En <em><strong>Pol\u00edticos al Desnudo<\/strong><\/em> lamentamos este <strong>deceso que dejar\u00e1 un hueco en toda actividad de nuestro estado y en el pa\u00eds entero<\/strong>. En especial quienes lo tratamos y conocimos su don de gentes y sincera vocaci\u00f3n de servicio.<\/span><\/p>\n<p class=\"p1\"><span style=\"font-size: 14pt;\"><strong>Saludamos la memoria de un gran ser humano que hizo historia y siempre convivi\u00f3 con todos como un solo hombre<\/strong>, con una visi\u00f3n de sociedad que se adelant\u00f3 a su \u00e9poca. A <strong>los veracruzanos no nos queda m\u00e1s que guardar su memoria en cada acto<\/strong>, ya sea en la funci\u00f3n p\u00fablica o la actividad privada, donde se exija justicia e igualdad.<\/span><\/p>\n<p class=\"p1\"><span style=\"font-size: 14pt;\"><strong>Descanse en paz Ignacio Gonz\u00e1lez Rebolledo, un abrazo a su familia<\/strong>. Dolientes, somos todos quienes lo conocimos.<\/span><\/p>\n<p>&nbsp;<\/p>\n<p class=\"p1\"><span style=\"font-size: 18pt;\"><strong>Descanse en paz<\/strong><\/span><\/p>\n<p>&nbsp;<\/p>\n<p>&nbsp;<\/p>\n","protected":false},"excerpt":{"rendered":"<p>&nbsp; Por \u00c1ngel \u00c1lvaro Pe\u00f1a Muri\u00f3 el licenciado Ignacio Gonz\u00e1lez Rebolledo, un veracruzano ejemplar, sin enemigos ni alguien que pudiera<\/p>\n","protected":false},"author":4,"featured_media":3519,"comment_status":"closed","ping_status":"closed","sticky":false,"template":"","format":"standard","meta":{"colormag_page_container_layout":"default_layout","colormag_page_sidebar_layout":"default_layout","_jetpack_memberships_contains_paid_content":false,"footnotes":"","jetpack_publicize_message":"","jetpack_publicize_feature_enabled":true,"jetpack_social_post_already_shared":false,"jetpack_social_options":{"image_generator_settings":{"template":"highway","default_image_id":0,"font":"","enabled":false},"version":2}},"categories":[356],"tags":[],"class_list":["post-3518","post","type-post","status-publish","format-standard","has-post-thumbnail","hentry","category-veracruz"],"jetpack_publicize_connections":[],"jetpack_featured_media_url":"https:\/\/noticiasveracruz.com\/wp-content\/uploads\/2022\/04\/P-IGNACIO-GONZA\u0301LEZ.png","jetpack_sharing_enabled":true,"publishpress_future_action":{"enabled":false,"date":"2026-05-02 04:14:40","action":"change-status","newStatus":"draft","terms":[],"taxonomy":"category","extraData":[]},"publishpress_future_workflow_manual_trigger":{"enabledWorkflows":[]},"_links":{"self":[{"href":"https:\/\/noticiasveracruz.com\/index.php\/wp-json\/wp\/v2\/posts\/3518","targetHints":{"allow":["GET"]}}],"collection":[{"href":"https:\/\/noticiasveracruz.com\/index.php\/wp-json\/wp\/v2\/posts"}],"about":[{"href":"https:\/\/noticiasveracruz.com\/index.php\/wp-json\/wp\/v2\/types\/post"}],"author":[{"embeddable":true,"href":"https:\/\/noticiasveracruz.com\/index.php\/wp-json\/wp\/v2\/users\/4"}],"replies":[{"embeddable":true,"href":"https:\/\/noticiasveracruz.com\/index.php\/wp-json\/wp\/v2\/comments?post=3518"}],"version-history":[{"count":0,"href":"https:\/\/noticiasveracruz.com\/index.php\/wp-json\/wp\/v2\/posts\/3518\/revisions"}],"wp:featuredmedia":[{"embeddable":true,"href":"https:\/\/noticiasveracruz.com\/index.php\/wp-json\/wp\/v2\/media\/3519"}],"wp:attachment":[{"href":"https:\/\/noticiasveracruz.com\/index.php\/wp-json\/wp\/v2\/media?parent=3518"}],"wp:term":[{"taxonomy":"category","embeddable":true,"href":"https:\/\/noticiasveracruz.com\/index.php\/wp-json\/wp\/v2\/categories?post=3518"},{"taxonomy":"post_tag","embeddable":true,"href":"https:\/\/noticiasveracruz.com\/index.php\/wp-json\/wp\/v2\/tags?post=3518"}],"curies":[{"name":"wp","href":"https:\/\/api.w.org\/{rel}","templated":true}]}}