{"id":3510,"date":"2022-04-23T05:54:13","date_gmt":"2022-04-23T10:54:13","guid":{"rendered":"https:\/\/noticiasveracruz.com\/?p=3510"},"modified":"2022-04-23T22:51:43","modified_gmt":"2022-04-24T03:51:43","slug":"ofrece-presidente-garantias-a-empresario-extranjeros-en-corredor-del-istmo","status":"publish","type":"post","link":"https:\/\/noticiasveracruz.com\/index.php\/2022\/04\/23\/ofrece-presidente-garantias-a-empresario-extranjeros-en-corredor-del-istmo\/","title":{"rendered":"Ofrece Presidente garant\u00edas a empresario extranjeros en corredor del Istmo"},"content":{"rendered":"<p class=\"p1\"><span style=\"font-size: 14pt;\"><em><strong>Veracruz.<\/strong> <\/em>El <strong>presidente Andr\u00e9s Manuel L\u00f3pez Obrador<\/strong> invit\u00f3 a <strong>empresarios de Estados Unidos y Canad\u00e1 a invertir en el corredor del Istmo de Tehuantepec<\/strong>, y ofreci\u00f3 entablar un di\u00e1logo para que conozcan las nuevas condiciones establecidas en la\u00a0Ley de la Industria El\u00e9ctrica.<\/span><\/p>\n<p class=\"p1\"><span style=\"font-size: 14pt;\">Al encabezar una reuni\u00f3n con los <strong>empresarios y el\u00a0embajador estadounidense, Ken Salazar,<\/strong> en el fuerte de San Juan de Ul\u00faa, el mandatario ofreci\u00f3 <strong>certeza jur\u00eddica y oportunidades de negocio en el sureste mexicano.<\/strong><\/span><\/p>\n<p>&nbsp;<\/p>\n<p><img loading=\"lazy\" decoding=\"async\" class=\"aligncenter wp-image-3512 size-large\" src=\"http:\/\/noticiasveracruz.com\/wp-content\/uploads\/2022\/04\/P-ITSMO2-1024x573.png\" alt=\"\" width=\"800\" height=\"448\" srcset=\"https:\/\/noticiasveracruz.com\/wp-content\/uploads\/2022\/04\/P-ITSMO2-1024x573.png 1024w, https:\/\/noticiasveracruz.com\/wp-content\/uploads\/2022\/04\/P-ITSMO2-600x336.png 600w, https:\/\/noticiasveracruz.com\/wp-content\/uploads\/2022\/04\/P-ITSMO2-300x168.png 300w, https:\/\/noticiasveracruz.com\/wp-content\/uploads\/2022\/04\/P-ITSMO2-768x430.png 768w, https:\/\/noticiasveracruz.com\/wp-content\/uploads\/2022\/04\/P-ITSMO2-1536x859.png 1536w, https:\/\/noticiasveracruz.com\/wp-content\/uploads\/2022\/04\/P-ITSMO2.png 1816w\" sizes=\"auto, (max-width: 800px) 100vw, 800px\" \/><\/p>\n<p>&nbsp;<\/p>\n<blockquote>\n<p class=\"p1\"><span style=\"font-size: 14pt;\">El proyecto del Istmo tiene ese prop\u00f3sito, ustedes se ocupan de el sector energ\u00e9tico, de las distintas ramas de la econom\u00eda en todos los casos, hay oportunidades, la creaci\u00f3n de los 10 corredores o parques industriales en el Istmo tiene muchas ventajas en la industria petrolera\u201d, se\u00f1al\u00f3.<\/span><\/p>\n<\/blockquote>\n<p class=\"p1\"><span style=\"font-size: 14pt;\"><strong>L\u00f3pez Obrador\u00a0insisti\u00f3 en que el objetivo de su gobierno es combatir la pobreza, asegurando que la zona tiene mucho potencial.<\/strong><\/span><\/p>\n<blockquote>\n<p class=\"p1\"><span style=\"font-size: 14pt;\">Hay mucho potencial, garantizarles que vamos a apoyar, nosotros queremos combatir la pobreza, ese es el prop\u00f3sito central y estamos avanzando porque estamos combatiendo, al mismo tiempo, la corrupci\u00f3n; porque siempre lo he dicho: la corrupci\u00f3n es lo que ha dado al traste con todo\u201d, dijo.<\/span><\/p>\n<\/blockquote>\n<p class=\"p1\"><span style=\"font-size: 14pt;\">Tambi\u00e9n garantiz\u00f3 que en <strong>M\u00e9xico existe un aut\u00e9ntico Estado de derecho,<\/strong> y una muestra de ello fue la resoluci\u00f3n de la\u00a0Suprema Corte de Justicia de la Naci\u00f3n (SCJN)\u00a0respecto a la\u00a0Ley El\u00e9ctrica.<\/span><\/p>\n<p class=\"p1\"><span style=\"font-size: 14pt;\">Al referirse a la integraci\u00f3n econ\u00f3mica, el presidente indic\u00f3 que el proyecto podr\u00eda ayudar a la consolidar la\u00a0integraci\u00f3n econ\u00f3mica de Am\u00e9rica del Norte, puesto que las exportaciones nacionales \u00fanicamente viajan a\u00a0Texas y California, mientras que con el corredor del Istmo se puede explotar la costa este de Estados Unidos.<\/span><\/p>\n<p>&nbsp;<\/p>\n<p><span style=\"font-size: 14pt;\"><em><strong>Informaci\u00f3n: Contrarr\u00e9plica<\/strong><\/em><\/span><\/p>\n<p>&nbsp;<\/p>\n","protected":false},"excerpt":{"rendered":"<p>Veracruz. El presidente Andr\u00e9s Manuel L\u00f3pez Obrador invit\u00f3 a empresarios de Estados Unidos y Canad\u00e1 a invertir en el corredor<\/p>\n","protected":false},"author":4,"featured_media":3513,"comment_status":"closed","ping_status":"closed","sticky":false,"template":"","format":"standard","meta":{"colormag_page_container_layout":"default_layout","colormag_page_sidebar_layout":"default_layout","_jetpack_memberships_contains_paid_content":false,"footnotes":"","jetpack_publicize_message":"","jetpack_publicize_feature_enabled":true,"jetpack_social_post_already_shared":false,"jetpack_social_options":{"image_generator_settings":{"template":"highway","default_image_id":0,"font":"","enabled":false},"version":2}},"categories":[4],"tags":[471,473,92,474,472],"class_list":["post-3510","post","type-post","status-publish","format-standard","has-post-thumbnail","hentry","category-nacional","tag-corredor-itsmo","tag-empresarios","tag-estados-unidos","tag-pobreza","tag-tehuantepec"],"jetpack_publicize_connections":[],"jetpack_featured_media_url":"https:\/\/noticiasveracruz.com\/wp-content\/uploads\/2022\/04\/P-ITSMO3.png","jetpack_sharing_enabled":true,"publishpress_future_action":{"enabled":false,"date":"2026-05-02 02:28:33","action":"change-status","newStatus":"draft","terms":[],"taxonomy":"category","extraData":[]},"publishpress_future_workflow_manual_trigger":{"enabledWorkflows":[]},"_links":{"self":[{"href":"https:\/\/noticiasveracruz.com\/index.php\/wp-json\/wp\/v2\/posts\/3510","targetHints":{"allow":["GET"]}}],"collection":[{"href":"https:\/\/noticiasveracruz.com\/index.php\/wp-json\/wp\/v2\/posts"}],"about":[{"href":"https:\/\/noticiasveracruz.com\/index.php\/wp-json\/wp\/v2\/types\/post"}],"author":[{"embeddable":true,"href":"https:\/\/noticiasveracruz.com\/index.php\/wp-json\/wp\/v2\/users\/4"}],"replies":[{"embeddable":true,"href":"https:\/\/noticiasveracruz.com\/index.php\/wp-json\/wp\/v2\/comments?post=3510"}],"version-history":[{"count":0,"href":"https:\/\/noticiasveracruz.com\/index.php\/wp-json\/wp\/v2\/posts\/3510\/revisions"}],"wp:featuredmedia":[{"embeddable":true,"href":"https:\/\/noticiasveracruz.com\/index.php\/wp-json\/wp\/v2\/media\/3513"}],"wp:attachment":[{"href":"https:\/\/noticiasveracruz.com\/index.php\/wp-json\/wp\/v2\/media?parent=3510"}],"wp:term":[{"taxonomy":"category","embeddable":true,"href":"https:\/\/noticiasveracruz.com\/index.php\/wp-json\/wp\/v2\/categories?post=3510"},{"taxonomy":"post_tag","embeddable":true,"href":"https:\/\/noticiasveracruz.com\/index.php\/wp-json\/wp\/v2\/tags?post=3510"}],"curies":[{"name":"wp","href":"https:\/\/api.w.org\/{rel}","templated":true}]}}