{"id":34643,"date":"2024-06-26T17:37:19","date_gmt":"2024-06-26T22:37:19","guid":{"rendered":"https:\/\/noticiasveracruz.com\/?p=34643"},"modified":"2024-06-26T17:37:19","modified_gmt":"2024-06-26T22:37:19","slug":"inicia-operaciones-el-hospital-comunitario-de-tuxpan-nayarit","status":"publish","type":"post","link":"https:\/\/noticiasveracruz.com\/index.php\/2024\/06\/26\/inicia-operaciones-el-hospital-comunitario-de-tuxpan-nayarit\/","title":{"rendered":"Inicia operaciones el hospital comunitario de Tuxpan, Nayarit"},"content":{"rendered":"<p><span style=\"font-size: 14pt;\">El gobernador de Nayarit, Miguel \u00c1ngel Navarro Quintero, puso en marcha el hospital comunitario de Tuxpan, al norte de la entidad, donde se invirtieron 125 millones de pesos.<\/span><\/p>\n<p><span style=\"font-size: 14pt;\">Con ello, Navarro Quintero dijo que \u00abel derecho social a la salud p\u00fablica, gratuita y de calidad para todas y todos los nayaritas est\u00e1 siendo garantizado de manera m\u00e1s s\u00f3lida que nunca. El nuevo Hospital B\u00e1sico Comunitario de Tuxpan ya est\u00e1 en operaciones para beneficio de las y los habitantes de este municipio\u00bb.<\/span><\/p>\n<p><span style=\"font-size: 14pt;\">La construcci\u00f3n del hospital, subray\u00f3, es un esfuerzo conjunto entre el gobierno estatal y federal que unieron voluntades para este prop\u00f3sito.<\/span><\/p>\n<p><span style=\"font-size: 14pt;\">\u00abSabemos que la salud es un pilar fundamental para el bienestar y desarrollo de nuestro estado, y es por ello que hemos trabajado incansablemente para hacer realidad esta obra\u201d, coment\u00f3.<\/span><\/p>\n<p><span style=\"font-size: 14pt;\">Finalmente se\u00f1al\u00f3 que seguir\u00e1n trabajando a fin de \u00abasegurar que cada nayarita pueda acceder a servicios m\u00e9dicos de calidad sin importar su situaci\u00f3n econ\u00f3mica\u00bb.<\/span><\/p>\n","protected":false},"excerpt":{"rendered":"<p>El gobernador de Nayarit, Miguel \u00c1ngel Navarro Quintero, puso en marcha el hospital comunitario de Tuxpan, al norte de la entidad, donde se invirtieron 125 millones de pesos. Con ello, Navarro Quintero dijo que \u00abel derecho social a la salud p\u00fablica, gratuita y de calidad para todas y todos los nayaritas est\u00e1 siendo garantizado de [&hellip;]<\/p>\n","protected":false},"author":4,"featured_media":34644,"comment_status":"closed","ping_status":"closed","sticky":false,"template":"","format":"standard","meta":{"_jetpack_newsletter_access":"","_jetpack_dont_email_post_to_subs":false,"_jetpack_newsletter_tier_id":0,"_jetpack_memberships_contains_paywalled_content":false,"_jetpack_feature_clip_id":0,"_jetpack_memberships_contains_paid_content":false,"footnotes":"","jetpack_publicize_message":"","jetpack_publicize_feature_enabled":true,"jetpack_social_post_already_shared":true,"jetpack_social_options":{"image_generator_settings":{"template":"highway","default_image_id":0,"font":"","enabled":false},"version":2},"jetpack_post_was_ever_published":false},"categories":[145],"tags":[],"class_list":["post-34643","post","type-post","status-publish","format-standard","has-post-thumbnail","hentry","category-estados"],"jetpack_publicize_connections":[],"jetpack_sharing_enabled":true,"publishpress_future_action":{"enabled":false,"date":"2026-09-09 06:54:02","action":"change-status","newStatus":"draft","terms":[],"taxonomy":"category","extraData":[]},"publishpress_future_workflow_manual_trigger":{"enabledWorkflows":[]},"jetpack_featured_media_url":"https:\/\/noticiasveracruz.com\/wp-content\/uploads\/2024\/06\/240607-e1-2.jpg","_links":{"self":[{"href":"https:\/\/noticiasveracruz.com\/index.php\/wp-json\/wp\/v2\/posts\/34643","targetHints":{"allow":["GET"]}}],"collection":[{"href":"https:\/\/noticiasveracruz.com\/index.php\/wp-json\/wp\/v2\/posts"}],"about":[{"href":"https:\/\/noticiasveracruz.com\/index.php\/wp-json\/wp\/v2\/types\/post"}],"author":[{"embeddable":true,"href":"https:\/\/noticiasveracruz.com\/index.php\/wp-json\/wp\/v2\/users\/4"}],"replies":[{"embeddable":true,"href":"https:\/\/noticiasveracruz.com\/index.php\/wp-json\/wp\/v2\/comments?post=34643"}],"version-history":[{"count":0,"href":"https:\/\/noticiasveracruz.com\/index.php\/wp-json\/wp\/v2\/posts\/34643\/revisions"}],"wp:featuredmedia":[{"embeddable":true,"href":"https:\/\/noticiasveracruz.com\/index.php\/wp-json\/wp\/v2\/media\/34644"}],"wp:attachment":[{"href":"https:\/\/noticiasveracruz.com\/index.php\/wp-json\/wp\/v2\/media?parent=34643"}],"wp:term":[{"taxonomy":"category","embeddable":true,"href":"https:\/\/noticiasveracruz.com\/index.php\/wp-json\/wp\/v2\/categories?post=34643"},{"taxonomy":"post_tag","embeddable":true,"href":"https:\/\/noticiasveracruz.com\/index.php\/wp-json\/wp\/v2\/tags?post=34643"}],"curies":[{"name":"wp","href":"https:\/\/api.w.org\/{rel}","templated":true}]}}