{"id":3446,"date":"2022-04-21T21:32:41","date_gmt":"2022-04-22T02:32:41","guid":{"rendered":"https:\/\/noticiasveracruz.com\/?p=3446"},"modified":"2022-04-21T21:32:41","modified_gmt":"2022-04-22T02:32:41","slug":"mexico-un-pais-independiente-no-es-colonia-extranjera-presidente","status":"publish","type":"post","link":"https:\/\/noticiasveracruz.com\/index.php\/2022\/04\/21\/mexico-un-pais-independiente-no-es-colonia-extranjera-presidente\/","title":{"rendered":"M\u00e9xico un pa\u00eds independiente, no es colonia extranjera: presidente"},"content":{"rendered":"<p>&nbsp;<\/p>\n<p class=\"p1\"><span style=\"font-size: 14pt;\"><em><strong>Alvarado, Veracruz.<\/strong><\/em> <strong>\u201cTener relaciones de amistad con todos los pueblos del mundo, respetar a todos los gobiernos, pero defender nuestra soberan\u00eda\u201d<\/strong>, as\u00ed lo se\u00f1al\u00f3 el presidente de M\u00e9xico, <strong>Andr\u00e9s Manuel L\u00f3pez Obrador<\/strong> al encabezar la ceremonia por el <strong>108 Aniversario de la Defensa Patri\u00f3tica del Puerto de Veracruz.<\/strong><\/span><\/p>\n<p class=\"p1\"><strong><span style=\"font-size: 14pt;\">Llam\u00f3 a mantener vigentes los principios de defensa de la soberan\u00eda nacional, de no intervenci\u00f3n y de autodeterminaci\u00f3n de los pueblos.<\/span><\/strong><\/p>\n<blockquote>\n<p class=\"p1\"><span style=\"font-size: 14pt;\">Porque M\u00e9xico con el esfuerzo y sacrificio de muchos mexicanos, es un pa\u00eds independiente, libre, soberano, no es colonia de ning\u00fan pa\u00eds extranjero, no es un protectorado\u201d, enfatiz\u00f3.<\/span><\/p>\n<\/blockquote>\n<p>&nbsp;<\/p>\n<p><img loading=\"lazy\" decoding=\"async\" class=\"aligncenter wp-image-4243 size-large\" src=\"https:\/\/politicosaldesnudo.com.mx\/wp-content\/uploads\/2022\/04\/P-ALVARADO3-1024x573.png\" alt=\"\" width=\"800\" height=\"448\" \/><\/p>\n<p>&nbsp;<\/p>\n<p class=\"p1\"><span style=\"font-size: 14pt;\">En la Heroica Escuela Naval Militar, en el municipio de Alvarado, el jefe del Ejecutivo sostuvo que <strong>\u201cM\u00e9xico es nuestra patria, es mucha, mucha la grandeza de M\u00e9xico. Es un orgullo ser mexicana, ser mexicano, por eso siempre exclamamos con pasi\u00f3n: \u00a1Viva M\u00e9xico!\u201d.<\/strong><\/span><\/p>\n<p>&nbsp;<\/p>\n<p><img loading=\"lazy\" decoding=\"async\" class=\"aligncenter wp-image-4242 size-large\" src=\"https:\/\/politicosaldesnudo.com.mx\/wp-content\/uploads\/2022\/04\/P-ALVARADO2-1024x573.png\" alt=\"\" width=\"800\" height=\"448\" \/><\/p>\n<p>&nbsp;<\/p>\n<p class=\"p1\"><span style=\"font-size: 14pt;\">En el acto solemne el mandatario pas\u00f3 lista de Honor a los H\u00e9roes de la Heroica Escuela Naval Militar y del Heroico Colegio Militar. Adem\u00e1s, tom\u00f3 protesta a las y los cadetes de primer a\u00f1o e hizo entrega de espadines a cadetes, as\u00ed como 15 menciones honor\u00edficas y ocho condecoraciones \u2018Bicentenario de la Armada de M\u00e9xico\u2019 al personal naval.<\/span><\/p>\n<p>&nbsp;<\/p>\n<p class=\"p1\"><span style=\"font-size: 18pt;\"><strong>LOS ASISTENTES <\/strong><\/span><\/p>\n<p class=\"p1\"><span style=\"font-size: 14pt;\">Acompa\u00f1aron al presidente, los gobernadores de Veracruz, Cuitl\u00e1huac Garc\u00eda Jim\u00e9nez y de Morelos, Cuauht\u00e9moc Blanco Bravo. Tambi\u00e9n los secretarios de Marina, Jos\u00e9 Rafael Ojeda Dur\u00e1n; de la Defensa Nacional, Luis Cresencio Sandoval Gonz\u00e1lez; de Gobernaci\u00f3n, Ad\u00e1n Augusto L\u00f3pez Hern\u00e1ndez; de Seguridad y Protecci\u00f3n Ciudadana, Rosa Icela Rodr\u00edguez Vel\u00e1zquez; de Relaciones Exteriores, Marcelo Ebrard Casaubon y de Educaci\u00f3n P\u00fablica, Delfina G\u00f3mez \u00c1lvarez.<\/span><\/p>\n<p class=\"p1\"><span style=\"font-size: 14pt;\">Asistieron la presidenta de la Mesa Directiva de la C\u00e1mara de Senadores, Olga S\u00e1nchez Cordero; el subsecretario de la Defensa Nacional, Agust\u00edn Radilla Suastegui; el inspector y contralor general de Marina, Jos\u00e9 Tom\u00e1s Jorge Tress Zilly; el oficial mayor de Marina, almirante C\u00e9sar Carlos Preciado Vel\u00e1zquez; el oficial mayor de la Secretar\u00eda de la Defensa Nacional, Gabriel Garc\u00eda Rinc\u00f3n; el inspector y contralor general del Ej\u00e9rcito y Fuerza A\u00e9rea, general Arturo Pancardo Escudero; el jefe de Estado Mayor General de la Armada, almirante Juan Jos\u00e9 Padilla Olmos; el jefe del Estado Mayor de la Defensa Nacional, Ricardo Trevilla Trejo; el comandante de la Fuerza A\u00e9rea Mexicana, general Gerardo Vega Rivera; el comandante de la Regi\u00f3n Naval No. 1, almirante Santiago Jorge Morgado G\u00f3mez; el rector de la Universidad Naval, vicealmirante Guadalupe Juan Jos\u00e9 Bernal M\u00e9ndez; el director de la Heroica Escuela Naval Militar, contralmirante, Sa\u00fal Hiram Bandala Garza y el rector de la Universidad del Ej\u00e9rcito y Fuerza A\u00e9rea, general David Rivera Medina.<\/span><\/p>\n<p>&nbsp;<\/p>\n<p>&nbsp;<\/p>\n","protected":false},"excerpt":{"rendered":"<p>&nbsp; Alvarado, Veracruz. \u201cTener relaciones de amistad con todos los pueblos del mundo, respetar a todos los gobiernos, pero defender<\/p>\n","protected":false},"author":4,"featured_media":3447,"comment_status":"closed","ping_status":"closed","sticky":false,"template":"","format":"standard","meta":{"colormag_page_container_layout":"default_layout","colormag_page_sidebar_layout":"default_layout","_jetpack_memberships_contains_paid_content":false,"footnotes":"","jetpack_publicize_message":"","jetpack_publicize_feature_enabled":true,"jetpack_social_post_already_shared":false,"jetpack_social_options":{"image_generator_settings":{"template":"highway","default_image_id":0,"font":"","enabled":false},"version":2}},"categories":[356],"tags":[65,31,441,73],"class_list":["post-3446","post","type-post","status-publish","format-standard","has-post-thumbnail","hentry","category-veracruz","tag-andres-manuel-lopez-obrador","tag-mexico","tag-soberania","tag-veracruz"],"jetpack_publicize_connections":[],"jetpack_featured_media_url":"https:\/\/noticiasveracruz.com\/wp-content\/uploads\/2022\/04\/P-ALVARADO1.png","jetpack_sharing_enabled":true,"publishpress_future_action":{"enabled":false,"date":"2026-05-06 18:25:17","action":"change-status","newStatus":"draft","terms":[],"taxonomy":"category","extraData":[]},"publishpress_future_workflow_manual_trigger":{"enabledWorkflows":[]},"_links":{"self":[{"href":"https:\/\/noticiasveracruz.com\/index.php\/wp-json\/wp\/v2\/posts\/3446","targetHints":{"allow":["GET"]}}],"collection":[{"href":"https:\/\/noticiasveracruz.com\/index.php\/wp-json\/wp\/v2\/posts"}],"about":[{"href":"https:\/\/noticiasveracruz.com\/index.php\/wp-json\/wp\/v2\/types\/post"}],"author":[{"embeddable":true,"href":"https:\/\/noticiasveracruz.com\/index.php\/wp-json\/wp\/v2\/users\/4"}],"replies":[{"embeddable":true,"href":"https:\/\/noticiasveracruz.com\/index.php\/wp-json\/wp\/v2\/comments?post=3446"}],"version-history":[{"count":0,"href":"https:\/\/noticiasveracruz.com\/index.php\/wp-json\/wp\/v2\/posts\/3446\/revisions"}],"wp:featuredmedia":[{"embeddable":true,"href":"https:\/\/noticiasveracruz.com\/index.php\/wp-json\/wp\/v2\/media\/3447"}],"wp:attachment":[{"href":"https:\/\/noticiasveracruz.com\/index.php\/wp-json\/wp\/v2\/media?parent=3446"}],"wp:term":[{"taxonomy":"category","embeddable":true,"href":"https:\/\/noticiasveracruz.com\/index.php\/wp-json\/wp\/v2\/categories?post=3446"},{"taxonomy":"post_tag","embeddable":true,"href":"https:\/\/noticiasveracruz.com\/index.php\/wp-json\/wp\/v2\/tags?post=3446"}],"curies":[{"name":"wp","href":"https:\/\/api.w.org\/{rel}","templated":true}]}}