{"id":3441,"date":"2022-04-21T16:57:36","date_gmt":"2022-04-21T21:57:36","guid":{"rendered":"https:\/\/noticiasveracruz.com\/?p=3441"},"modified":"2022-04-21T16:57:36","modified_gmt":"2022-04-21T21:57:36","slug":"patricia-armendariz-se-destapa-para-gobernar-chiapas","status":"publish","type":"post","link":"https:\/\/noticiasveracruz.com\/index.php\/2022\/04\/21\/patricia-armendariz-se-destapa-para-gobernar-chiapas\/","title":{"rendered":"Patricia Armend\u00e1riz se destapa para gobernar Chiapas"},"content":{"rendered":"<p class=\"p1\"><span style=\"font-size: 14pt;\"><em><strong>Ciudad de M\u00e9xico.<\/strong> <\/em>La empresaria <strong>Patricia Armend\u00e1riz<\/strong> se describi\u00f3 en tres palabras como \u201c<strong>disciplinada, intensa y amor al presidente\u201d,<\/strong> coment\u00f3 la raz\u00f3n por la cual dio el salto de empresaria e integrante del programa Shark Tank, a la pol\u00edtica y <strong>no descart\u00f3 ser gobernadora de Chiapas, su estado natal.<\/strong><\/span><\/p>\n<p class=\"p1\"><span style=\"font-size: 14pt;\"><strong>En entrevista de 20 preguntas en el Canal del Congreso, Armend\u00e1riz cont\u00f3 que \u201cel amor por M\u00e9xico\u201d le hizo dar el salto a la pol\u00edtica.<\/strong><\/span><\/p>\n<p class=\"p1\"><span style=\"font-size: 14pt;\">La diputada chiapaneca afirm\u00f3 que <strong>\u201cm\u00e1s que nunca\u201d seguir\u00e1 siendo un tibur\u00f3n en el \u201cestanque llamado C\u00e1mara de Diputados\u201d<\/strong> y asegur\u00f3 que los comentarios que recibe en redes sociales ya no le afectan porque descubri\u00f3 que \u201c<strong>al igual que el Presidente, hay haters espec\u00edficamente manejados por haters, por ide\u00f3logos\u201d.<\/strong><\/span><\/p>\n<blockquote>\n<p class=\"p1\"><span style=\"font-size: 14pt;\">Yo nunca opino sin estudiar el tema, nunca opino por cuestiones ideol\u00f3gicas y por filias y fobias, y ya por lo mismo ya no leo lo que me contestan e identifico muy f\u00e1cilmente qui\u00e9n me est\u00e1 contestando como hater o como bot\u201d, declar\u00f3.\u00a0<\/span><\/p>\n<\/blockquote>\n<p class=\"p1\"><span style=\"font-size: 14pt;\">Se\u00f1al\u00f3 que no participa en cierto tipo de pol\u00edtica, es decir al\u00a0lobbying\u00a0de intereses <strong>\u201cque he visto que siguen tratando de convencer a legisladores y a los objetivos pol\u00edticos per se\u201d.<\/strong><\/span><\/p>\n<blockquote>\n<p class=\"p1\"><span style=\"font-size: 14pt;\">Coment\u00f3 acerca de su padre que fue gobernador de Chiapas, al decir: \u201cNo por el hecho de querer ser gobernador de Chiapas, pero si el presidente me necesita, ah\u00ed estar\u00e9\u201d.\u00a0<\/span><\/p>\n<\/blockquote>\n<p class=\"p1\"><span style=\"font-size: 14pt;\"><strong>Se\u00f1ala que se uni\u00f3 a Morena \u201cporque es la \u00fanica que he visto que netas, verdaderamente netas, lucha por los pobres\u201d.<\/strong><\/span><\/p>\n<blockquote>\n<p class=\"p1\"><span style=\"font-size: 14pt;\">Patricia Armend\u00e1riz recomend\u00f3 ejercer su liderazgo \u201ca trav\u00e9s de sus capacidades femeninas, no pelearse como hombre y siempre ganar su liderazgo a trav\u00e9s del conocimiento\u201d.<\/span><\/p>\n<\/blockquote>\n<p class=\"p1\"><span style=\"font-size: 14pt;\">A las mujeres empresarias que la ven como una l\u00edder a seguir, les recomend\u00f3 \u201cque vayan por su sue\u00f1o y que se la crean, que no sientan que no pueden o que no sientan que son un objeto decorativo\u201d.\u00a0\u00a0<\/span><\/p>\n<blockquote>\n<p class=\"p1\"><span style=\"font-size: 14pt;\">La diputada de Morena hizo p\u00fablicas sus intenciones de contender por la Presidencia de la Rep\u00fablica en 2024.<\/span><\/p>\n<\/blockquote>\n<p class=\"p1\"><span style=\"font-size: 14pt;\">La actuaria, egresada de la UNAM, y due\u00f1a de Financiera Sustentable,<strong> public\u00f3 su destape tras el de su compa\u00f1ero de bancada, Antonio P\u00e9rez Garibay, pap\u00e1 del piloto Sergio &#8216;Checo&#8217; P\u00e9rez, quien declar\u00f3 que buscar\u00e1 ocupar la silla presidencial dentro de dos a\u00f1os.<\/strong><\/span><\/p>\n<p>&nbsp;<\/p>\n","protected":false},"excerpt":{"rendered":"<p>Ciudad de M\u00e9xico. La empresaria Patricia Armend\u00e1riz se describi\u00f3 en tres palabras como \u201cdisciplinada, intensa y amor al presidente\u201d, coment\u00f3<\/p>\n","protected":false},"author":4,"featured_media":3444,"comment_status":"closed","ping_status":"closed","sticky":false,"template":"","format":"standard","meta":{"colormag_page_container_layout":"default_layout","colormag_page_sidebar_layout":"default_layout","_jetpack_memberships_contains_paid_content":false,"footnotes":"","jetpack_publicize_message":"","jetpack_publicize_feature_enabled":true,"jetpack_social_post_already_shared":false,"jetpack_social_options":{"image_generator_settings":{"template":"highway","default_image_id":0,"font":"","enabled":false},"version":2}},"categories":[4],"tags":[438,117,439,440],"class_list":["post-3441","post","type-post","status-publish","format-standard","has-post-thumbnail","hentry","category-nacional","tag-carmen-armendariz","tag-chiapas","tag-destape","tag-gubernatura"],"jetpack_publicize_connections":[],"jetpack_featured_media_url":"https:\/\/noticiasveracruz.com\/wp-content\/uploads\/2022\/04\/P-CARMEN6.png","jetpack_sharing_enabled":true,"publishpress_future_action":{"enabled":false,"date":"2026-05-06 17:43:14","action":"change-status","newStatus":"draft","terms":[],"taxonomy":"category","extraData":[]},"publishpress_future_workflow_manual_trigger":{"enabledWorkflows":[]},"_links":{"self":[{"href":"https:\/\/noticiasveracruz.com\/index.php\/wp-json\/wp\/v2\/posts\/3441","targetHints":{"allow":["GET"]}}],"collection":[{"href":"https:\/\/noticiasveracruz.com\/index.php\/wp-json\/wp\/v2\/posts"}],"about":[{"href":"https:\/\/noticiasveracruz.com\/index.php\/wp-json\/wp\/v2\/types\/post"}],"author":[{"embeddable":true,"href":"https:\/\/noticiasveracruz.com\/index.php\/wp-json\/wp\/v2\/users\/4"}],"replies":[{"embeddable":true,"href":"https:\/\/noticiasveracruz.com\/index.php\/wp-json\/wp\/v2\/comments?post=3441"}],"version-history":[{"count":0,"href":"https:\/\/noticiasveracruz.com\/index.php\/wp-json\/wp\/v2\/posts\/3441\/revisions"}],"wp:featuredmedia":[{"embeddable":true,"href":"https:\/\/noticiasveracruz.com\/index.php\/wp-json\/wp\/v2\/media\/3444"}],"wp:attachment":[{"href":"https:\/\/noticiasveracruz.com\/index.php\/wp-json\/wp\/v2\/media?parent=3441"}],"wp:term":[{"taxonomy":"category","embeddable":true,"href":"https:\/\/noticiasveracruz.com\/index.php\/wp-json\/wp\/v2\/categories?post=3441"},{"taxonomy":"post_tag","embeddable":true,"href":"https:\/\/noticiasveracruz.com\/index.php\/wp-json\/wp\/v2\/tags?post=3441"}],"curies":[{"name":"wp","href":"https:\/\/api.w.org\/{rel}","templated":true}]}}