{"id":3434,"date":"2022-04-21T15:01:44","date_gmt":"2022-04-21T20:01:44","guid":{"rendered":"https:\/\/noticiasveracruz.com\/?p=3434"},"modified":"2022-04-21T16:12:16","modified_gmt":"2022-04-21T21:12:16","slug":"historica-aprobacion-de-amlo-entre-lideres-globales","status":"publish","type":"post","link":"https:\/\/noticiasveracruz.com\/index.php\/2022\/04\/21\/historica-aprobacion-de-amlo-entre-lideres-globales\/","title":{"rendered":"Hist\u00f3rica aprobaci\u00f3n de AMLO entre l\u00edderes globales"},"content":{"rendered":"<p class=\"p1\"><span style=\"font-size: 14pt;\"><em><strong>Ciudad de M\u00e9xico.<\/strong> <\/em>El\u00a0<b>Presidente Andr\u00e9s Manuel L\u00f3pez Obrador obtiene 71 por ciento de aprobaci\u00f3n <\/b>en la encuesta de l\u00edderes globales que realiza\u00a0<b>Morning Consult Political Intelligence<\/b>\u00a0(MCPI), manteniendo as\u00ed el segundo lugar en la lista.<\/span><\/p>\n<p class=\"p1\"><span style=\"font-size: 14pt;\">Con esta nueva cifra el presidente de M\u00e9xico obtiene el m\u00e1s alto nivel de aceptaci\u00f3n desde que se tiene registro, consiguiendo as\u00ed un \u00edndice de\u00a0<b>desaprobaci\u00f3n es de 22 por ciento<\/b>. <\/span><\/p>\n<blockquote>\n<p class=\"p1\"><span style=\"font-size: 14pt;\">Los \u00edndices de aprobaci\u00f3n m\u00e1s recientes se basan en datos recopilados del 13 al 19 de abril de 2022 \u2014justo cuando se debat\u00eda la Reforma El\u00e9ctrica\u2014, de un promedio de siete d\u00edas, entre residentes adultos de Australia, Austria, B\u00e9lgica, Brasil, Canad\u00e1, Rep\u00fablica Checa, Francia, Alemania, India, Irlanda, Italia, Jap\u00f3n, M\u00e9xico, Holanda, Noruega, Polonia, Corea del Sur, Espa\u00f1a, Suiza, Suecia, Gran Breta\u00f1a y Estados Unidos.<\/span><\/p>\n<\/blockquote>\n<p class=\"p1\"><span style=\"font-size: 14pt;\"><strong>Ya que el pasado 30 de marzo de este a\u00f1o, L\u00f3pez Obrador hab\u00eda obtenido un \u00edndice de aprobaci\u00f3n del 69 por ciento. Fue su m\u00e1ximo hist\u00f3rico. Sin embargo, hasta esa fecha jam\u00e1s hab\u00eda superado los 70 puntos porcentuales. <\/strong><\/span><\/p>\n<p><span style=\"font-size: 14pt;\"><strong>Cabe recordar que en 2020 el 10 de junio L\u00f3pez Obrador\u00a0 registr\u00f3 su m\u00ednimo hist\u00f3rico en la encuesta de Morning Consult Political Intelligence con 54 por ciento; el rechazo subi\u00f3 hasta 37 por ciento.<\/strong><\/span><\/p>\n<blockquote>\n<p class=\"p4\"><span style=\"font-size: 14pt;\">Con este nuevo resultado L\u00f3pez Obrador se ha mantenido como el segundo mandatario mejor evaluado, ya que el gran fen\u00f3meno de la lista es Narendra Modi de la India, quien tiene 77 por ciento de aprobaci\u00f3n y 18 por ciento de rechazo.<\/span><\/p>\n<p>&nbsp;<\/p><\/blockquote>\n<p><img loading=\"lazy\" decoding=\"async\" class=\"aligncenter wp-image-4225 size-full\" src=\"https:\/\/politicosaldesnudo.com.mx\/wp-content\/uploads\/2022\/04\/P-AMLO-3.png\" alt=\"\" width=\"883\" height=\"1173\" \/><\/p>\n<p>&nbsp;<\/p>\n<p class=\"p4\"><span style=\"font-size: 14pt;\">En Am\u00e9rica del Norte, <strong>Joe Biden<\/strong> de Estados Unidos <strong>tiene una aprobaci\u00f3n de 40 por ciento y una desaprobaci\u00f3n de 52 por ciento<\/strong>, mientras que <strong>Justin Trudeau<\/strong> de Canad\u00e1 tiene <strong>43 de aprobaci\u00f3n con 51 por ciento de rechazo.<\/strong><\/span><\/p>\n<p>&nbsp;<\/p>\n<p><img loading=\"lazy\" decoding=\"async\" class=\"aligncenter wp-image-3435 size-large\" src=\"http:\/\/noticiasveracruz.com\/wp-content\/uploads\/2022\/04\/P-APROBACIO\u0301N-1024x573.png\" alt=\"\" width=\"800\" height=\"448\" srcset=\"https:\/\/noticiasveracruz.com\/wp-content\/uploads\/2022\/04\/P-APROBACIO\u0301N-1024x573.png 1024w, https:\/\/noticiasveracruz.com\/wp-content\/uploads\/2022\/04\/P-APROBACIO\u0301N-600x336.png 600w, https:\/\/noticiasveracruz.com\/wp-content\/uploads\/2022\/04\/P-APROBACIO\u0301N-300x168.png 300w, https:\/\/noticiasveracruz.com\/wp-content\/uploads\/2022\/04\/P-APROBACIO\u0301N-768x430.png 768w, https:\/\/noticiasveracruz.com\/wp-content\/uploads\/2022\/04\/P-APROBACIO\u0301N-1536x859.png 1536w, https:\/\/noticiasveracruz.com\/wp-content\/uploads\/2022\/04\/P-APROBACIO\u0301N.png 1816w\" sizes=\"auto, (max-width: 800px) 100vw, 800px\" \/><\/p>\n<p>&nbsp;<\/p>\n<p>&nbsp;<\/p>\n<p class=\"p4\"><span style=\"font-size: 14pt;\"><strong>EL MEJOR DATO <\/strong><\/span><\/p>\n<p class=\"p4\"><span style=\"font-size: 14pt;\">El dato es importante es el registrado el fin de semana pasado, lo que algunos <strong>medios, analistas, periodistas y partidos de oposici\u00f3n se\u00f1alan como \u201csu primer rev\u00e9s importante en el terreno legislativo\u201d.<\/strong><span class=\"Apple-converted-space\"> Sin embargo, el repunte del presidente se da despu\u00e9s del pol\u00e9mico domingo en la votaci\u00f3n de la Reforma Energ\u00e9tica.\u00a0<\/span><\/span><\/p>\n<p class=\"p4\"><span style=\"font-size: 14pt;\"><strong>Los resultados del ejercicio del medio se basaron en entrevistas a 500 adultos v\u00eda telef\u00f3nica, las cuales fueron realizadas del 1 al 5 de abril. Tiene una confiabilidad del 95 por ciento y un margen de error de +\/-4.4 por ciento, seg\u00fan la misma casa editorial.<\/strong><\/span><\/p>\n<p>&nbsp;<\/p>\n<p>&nbsp;<\/p>\n<p>&nbsp;<\/p>\n<p><strong><span style=\"font-size: 18pt;\">Fuente:<a href=\"http:\/\/morningconsult.com\/global-leader-approval\"> www.morningconsult.com<\/a><\/span><\/strong><\/p>\n<p>&nbsp;<\/p>\n<p>&nbsp;<\/p>\n<p>&nbsp;<\/p>\n","protected":false},"excerpt":{"rendered":"<p>Ciudad de M\u00e9xico. El\u00a0Presidente Andr\u00e9s Manuel L\u00f3pez Obrador obtiene 71 por ciento de aprobaci\u00f3n en la encuesta de l\u00edderes globales<\/p>\n","protected":false},"author":4,"featured_media":3439,"comment_status":"closed","ping_status":"closed","sticky":false,"template":"","format":"standard","meta":{"colormag_page_container_layout":"default_layout","colormag_page_sidebar_layout":"default_layout","_jetpack_memberships_contains_paid_content":false,"footnotes":"","jetpack_publicize_message":"","jetpack_publicize_feature_enabled":true,"jetpack_social_post_already_shared":false,"jetpack_social_options":{"image_generator_settings":{"template":"highway","default_image_id":0,"font":"","enabled":false},"version":2}},"categories":[4],"tags":[65,28,437,436],"class_list":["post-3434","post","type-post","status-publish","format-standard","has-post-thumbnail","hentry","category-nacional","tag-andres-manuel-lopez-obrador","tag-aprobacion","tag-mcpi","tag-morning-consult"],"jetpack_publicize_connections":[],"jetpack_featured_media_url":"https:\/\/noticiasveracruz.com\/wp-content\/uploads\/2022\/04\/P-AMLO6.png","jetpack_sharing_enabled":true,"publishpress_future_action":{"enabled":false,"date":"2026-05-06 16:57:40","action":"change-status","newStatus":"draft","terms":[],"taxonomy":"category","extraData":[]},"publishpress_future_workflow_manual_trigger":{"enabledWorkflows":[]},"_links":{"self":[{"href":"https:\/\/noticiasveracruz.com\/index.php\/wp-json\/wp\/v2\/posts\/3434","targetHints":{"allow":["GET"]}}],"collection":[{"href":"https:\/\/noticiasveracruz.com\/index.php\/wp-json\/wp\/v2\/posts"}],"about":[{"href":"https:\/\/noticiasveracruz.com\/index.php\/wp-json\/wp\/v2\/types\/post"}],"author":[{"embeddable":true,"href":"https:\/\/noticiasveracruz.com\/index.php\/wp-json\/wp\/v2\/users\/4"}],"replies":[{"embeddable":true,"href":"https:\/\/noticiasveracruz.com\/index.php\/wp-json\/wp\/v2\/comments?post=3434"}],"version-history":[{"count":0,"href":"https:\/\/noticiasveracruz.com\/index.php\/wp-json\/wp\/v2\/posts\/3434\/revisions"}],"wp:featuredmedia":[{"embeddable":true,"href":"https:\/\/noticiasveracruz.com\/index.php\/wp-json\/wp\/v2\/media\/3439"}],"wp:attachment":[{"href":"https:\/\/noticiasveracruz.com\/index.php\/wp-json\/wp\/v2\/media?parent=3434"}],"wp:term":[{"taxonomy":"category","embeddable":true,"href":"https:\/\/noticiasveracruz.com\/index.php\/wp-json\/wp\/v2\/categories?post=3434"},{"taxonomy":"post_tag","embeddable":true,"href":"https:\/\/noticiasveracruz.com\/index.php\/wp-json\/wp\/v2\/tags?post=3434"}],"curies":[{"name":"wp","href":"https:\/\/api.w.org\/{rel}","templated":true}]}}