{"id":3421,"date":"2022-04-21T13:03:53","date_gmt":"2022-04-21T18:03:53","guid":{"rendered":"https:\/\/noticiasveracruz.com\/?p=3421"},"modified":"2022-04-21T13:31:47","modified_gmt":"2022-04-21T18:31:47","slug":"regresan-los-jueves-de-bailemos-danzon-en-poza-rica","status":"publish","type":"post","link":"https:\/\/noticiasveracruz.com\/index.php\/2022\/04\/21\/regresan-los-jueves-de-bailemos-danzon-en-poza-rica\/","title":{"rendered":"Regresa a Poza Rica, jueves de \u2018Bailemos Danz\u00f3n\u2019"},"content":{"rendered":"<p class=\"p2\"><span style=\"font-size: 14pt;\"><em><strong>Poza Rica.<\/strong> <\/em>Jorge Luis Morido Diosabot, director de Cultura del municipio de Poza Rica, inform\u00f3 que el programa <strong>\u2018Bailemos Danz\u00f3n\u2019<\/strong> regresa a esa ciudad veracruzana <strong>todos los jueves a partir de las seis de la tarde.<\/strong><\/span><\/p>\n<blockquote>\n<p class=\"p2\"><span style=\"font-size: 14pt;\">El lugar ser\u00e1 el Parque Ju\u00e1rez de Poza Rica, todos los jueves, a partir del 21 de abril. Adem\u00e1s, anuncia que el pr\u00f3ximo viernes 22 de abril se llevar\u00e1 a cabo el evento \u2018Nochecitas Veracruzanas\u2019 en el Parque Cuauht\u00e9moc, ubicado en la Col. Manuel \u00c1vila Camacho, en punto de las 19:00 horas.<\/span><\/p>\n<\/blockquote>\n<p class=\"p2\"><span style=\"font-size: 14pt;\">La invitaci\u00f3n es para las familias y p\u00fablico en general, pues podr\u00e1n apreciar varias presentaciones de bailarines de folclor y algunos artistas locales que dar\u00e1n a conocer su m\u00fasica.<\/span><\/p>\n<p class=\"p2\"><span style=\"font-size: 14pt;\">El s\u00e1bado 23 de abril, se realizar\u00e1 un <strong>Festival de Danz\u00f3n,<\/strong> al cual las parejas podr\u00e1n lucir sus distintas vestimentas tradicionales. <strong>Ser\u00e1 una velada muy rom\u00e1ntica y llena de m\u00fasica en vivo.<\/strong><\/span><\/p>\n<p class=\"p2\"><strong><span style=\"font-size: 14pt;\">Todas estas actividades culturales y de esparcimiento son implementadas por el presidente municipal de Poza Rica, Fernando Remes Garza.<\/span><\/strong><\/p>\n<p class=\"p2\"><span style=\"font-size: 14pt;\">De acuerdo con el\u00a0<span class=\"s1\">INAH<\/span>\u00a0(Instituto Nacional de Antropolog\u00eda e Historia), el danz\u00f3n es una mezcla de ritmos haitianos, cubanos con ascendencia africana y europeos.<\/span><\/p>\n<p class=\"p2\"><strong><span style=\"font-size: 14pt;\">Las parejas danzoneras suelen bailar abrazadas y se mueven muy poco de su lugar, se trata de un baile muy elegante.<\/span><\/strong><\/p>\n<p>&nbsp;<\/p>\n<p>&nbsp;<\/p>\n<p>&nbsp;<\/p>\n","protected":false},"excerpt":{"rendered":"<p>Poza Rica. Jorge Luis Morido Diosabot, director de Cultura del municipio de Poza Rica, inform\u00f3 que el programa \u2018Bailemos Danz\u00f3n\u2019<\/p>\n","protected":false},"author":4,"featured_media":3422,"comment_status":"closed","ping_status":"closed","sticky":false,"template":"","format":"standard","meta":{"colormag_page_container_layout":"default_layout","colormag_page_sidebar_layout":"default_layout","_jetpack_memberships_contains_paid_content":false,"footnotes":"","jetpack_publicize_message":"","jetpack_publicize_feature_enabled":true,"jetpack_social_post_already_shared":false,"jetpack_social_options":{"image_generator_settings":{"template":"highway","default_image_id":0,"font":"","enabled":false},"version":2}},"categories":[356],"tags":[432,285,433],"class_list":["post-3421","post","type-post","status-publish","format-standard","has-post-thumbnail","hentry","category-veracruz","tag-danzon","tag-inah","tag-poza-rica"],"jetpack_publicize_connections":[],"jetpack_featured_media_url":"https:\/\/noticiasveracruz.com\/wp-content\/uploads\/2022\/04\/P-DANZON.png","jetpack_sharing_enabled":true,"publishpress_future_action":{"enabled":false,"date":"2026-05-05 03:43:13","action":"change-status","newStatus":"draft","terms":[],"taxonomy":"category","extraData":[]},"publishpress_future_workflow_manual_trigger":{"enabledWorkflows":[]},"_links":{"self":[{"href":"https:\/\/noticiasveracruz.com\/index.php\/wp-json\/wp\/v2\/posts\/3421","targetHints":{"allow":["GET"]}}],"collection":[{"href":"https:\/\/noticiasveracruz.com\/index.php\/wp-json\/wp\/v2\/posts"}],"about":[{"href":"https:\/\/noticiasveracruz.com\/index.php\/wp-json\/wp\/v2\/types\/post"}],"author":[{"embeddable":true,"href":"https:\/\/noticiasveracruz.com\/index.php\/wp-json\/wp\/v2\/users\/4"}],"replies":[{"embeddable":true,"href":"https:\/\/noticiasveracruz.com\/index.php\/wp-json\/wp\/v2\/comments?post=3421"}],"version-history":[{"count":0,"href":"https:\/\/noticiasveracruz.com\/index.php\/wp-json\/wp\/v2\/posts\/3421\/revisions"}],"wp:featuredmedia":[{"embeddable":true,"href":"https:\/\/noticiasveracruz.com\/index.php\/wp-json\/wp\/v2\/media\/3422"}],"wp:attachment":[{"href":"https:\/\/noticiasveracruz.com\/index.php\/wp-json\/wp\/v2\/media?parent=3421"}],"wp:term":[{"taxonomy":"category","embeddable":true,"href":"https:\/\/noticiasveracruz.com\/index.php\/wp-json\/wp\/v2\/categories?post=3421"},{"taxonomy":"post_tag","embeddable":true,"href":"https:\/\/noticiasveracruz.com\/index.php\/wp-json\/wp\/v2\/tags?post=3421"}],"curies":[{"name":"wp","href":"https:\/\/api.w.org\/{rel}","templated":true}]}}