{"id":3407,"date":"2022-04-21T09:22:32","date_gmt":"2022-04-21T14:22:32","guid":{"rendered":"https:\/\/noticiasveracruz.com\/?p=3407"},"modified":"2022-04-21T09:23:08","modified_gmt":"2022-04-21T14:23:08","slug":"presidente-cierre-de-siu-en-mexico-por-infiltracion-del-crimen","status":"publish","type":"post","link":"https:\/\/noticiasveracruz.com\/index.php\/2022\/04\/21\/presidente-cierre-de-siu-en-mexico-por-infiltracion-del-crimen\/","title":{"rendered":"Presidente, cierre de SIU por infiltraci\u00f3n del crimen"},"content":{"rendered":"<p>&nbsp;<\/p>\n<p class=\"p1\"><span style=\"font-size: 14pt;\"><em><strong>Ciudad de M\u00e9xico. <\/strong><\/em>En la conferencia matutina, el <strong>presidente Andr\u00e9s Manuel L\u00f3pez Obrador<\/strong> habl\u00f3 sobre la Agencia Antidrogas de Estados Unidos (DEA) y se\u00f1al\u00f3 <strong>\u201cles falta informaci\u00f3n. Esa agencia cerr\u00f3 hace m\u00e1s de un a\u00f1o\u201d,<\/strong> esto respecto a la desintegraci\u00f3n del grupo dedicado al combate del narcotr\u00e1fico y al crimen organizado en M\u00e9xico.\u00a0<\/span><\/p>\n<p class=\"p1\"><span style=\"font-size: 14pt;\"><strong>El pasado 19 de abril, la agencia de noticias Reuters dio a conocer que el gobierno mexicano desarticul\u00f3 al grupo antidrogas SIU, <\/strong>un grupo de las unidades de investigaciones especiales.<\/span><\/p>\n<p class=\"p1\"><span style=\"font-size: 14pt;\">As\u00ed este jueves el mandatario federal justific\u00f3 el cierre de esta unidad.<\/span><\/p>\n<blockquote>\n<p class=\"p1\"><span style=\"font-size: 14pt;\">Eso se hizo hace como un a\u00f1o y se demostr\u00f3 que ese grupo estaba infiltrado por la delincuencia, que inclusive uno de sus jefes est\u00e1 siendo juzgado en Estados Unidos\u201d, asegur\u00f3.<\/span><\/p>\n<\/blockquote>\n<p class=\"p1\"><span style=\"font-size: 14pt;\"><strong>De acuerdo con\u00a0Reuters, la SIU opera en 15 pa\u00edses y es considerada por funcionarios estadounidenses como invaluable para desmantelar redes de contrabando y atrapar a capos de la droga en todo el mundo.<\/strong><\/span><\/p>\n<p class=\"p1\"><span style=\"font-size: 14pt;\">Aunque la <strong>DEA entrena a elementos de la SIU<\/strong>, estos grupos antinarc\u00f3ticos est\u00e1n bajo el control de los gobiernos nacionales.<\/span><\/p>\n<p class=\"p1\"><span style=\"font-size: 14pt;\">En M\u00e9xico, los m\u00e1s de 50 oficiales de esa unidad policial fueron considerados entre los mejores del pa\u00eds y trabajaron en los casos m\u00e1s importantes, como la captura en 2016 de Joaqu\u00edn \u201cEl Chapo\u201d Guzm\u00e1n, entonces el jefe del poderoso C\u00e1rtel de Sinaloa.<\/span><\/p>\n<blockquote>\n<p class=\"p1\"><span style=\"font-size: 14pt;\">Nosotros mantenemos cooperaci\u00f3n con organismos internacionales, pero procuramos que se respete nuestra soberan\u00eda, y antes entraban y sal\u00edan de nuestro pa\u00eds y hac\u00edan lo que quer\u00edan, ellos mandaban, incluso fabricaban delitos\u201d, agreg\u00f3 el presidente desde Palacio Nacional.<\/span><\/p>\n<\/blockquote>\n<p>&nbsp;<\/p>\n","protected":false},"excerpt":{"rendered":"<p>&nbsp; Ciudad de M\u00e9xico. En la conferencia matutina, el presidente Andr\u00e9s Manuel L\u00f3pez Obrador habl\u00f3 sobre la Agencia Antidrogas de<\/p>\n","protected":false},"author":4,"featured_media":3408,"comment_status":"closed","ping_status":"closed","sticky":false,"template":"","format":"standard","meta":{"colormag_page_container_layout":"default_layout","colormag_page_sidebar_layout":"default_layout","_jetpack_memberships_contains_paid_content":false,"footnotes":"","jetpack_publicize_message":"","jetpack_publicize_feature_enabled":true,"jetpack_social_post_already_shared":false,"jetpack_social_options":{"image_generator_settings":{"template":"highway","default_image_id":0,"font":"","enabled":false},"version":2}},"categories":[4],"tags":[65,425,416,426,424,423],"class_list":["post-3407","post","type-post","status-publish","format-standard","has-post-thumbnail","hentry","category-nacional","tag-andres-manuel-lopez-obrador","tag-crimen","tag-dea","tag-infiltracion","tag-reuters","tag-siu"],"jetpack_publicize_connections":[],"jetpack_featured_media_url":"https:\/\/noticiasveracruz.com\/wp-content\/uploads\/2022\/04\/P-AMLO-1.png","jetpack_sharing_enabled":true,"publishpress_future_action":{"enabled":false,"date":"2026-05-07 09:27:53","action":"change-status","newStatus":"draft","terms":[],"taxonomy":"category","extraData":[]},"publishpress_future_workflow_manual_trigger":{"enabledWorkflows":[]},"_links":{"self":[{"href":"https:\/\/noticiasveracruz.com\/index.php\/wp-json\/wp\/v2\/posts\/3407","targetHints":{"allow":["GET"]}}],"collection":[{"href":"https:\/\/noticiasveracruz.com\/index.php\/wp-json\/wp\/v2\/posts"}],"about":[{"href":"https:\/\/noticiasveracruz.com\/index.php\/wp-json\/wp\/v2\/types\/post"}],"author":[{"embeddable":true,"href":"https:\/\/noticiasveracruz.com\/index.php\/wp-json\/wp\/v2\/users\/4"}],"replies":[{"embeddable":true,"href":"https:\/\/noticiasveracruz.com\/index.php\/wp-json\/wp\/v2\/comments?post=3407"}],"version-history":[{"count":0,"href":"https:\/\/noticiasveracruz.com\/index.php\/wp-json\/wp\/v2\/posts\/3407\/revisions"}],"wp:featuredmedia":[{"embeddable":true,"href":"https:\/\/noticiasveracruz.com\/index.php\/wp-json\/wp\/v2\/media\/3408"}],"wp:attachment":[{"href":"https:\/\/noticiasveracruz.com\/index.php\/wp-json\/wp\/v2\/media?parent=3407"}],"wp:term":[{"taxonomy":"category","embeddable":true,"href":"https:\/\/noticiasveracruz.com\/index.php\/wp-json\/wp\/v2\/categories?post=3407"},{"taxonomy":"post_tag","embeddable":true,"href":"https:\/\/noticiasveracruz.com\/index.php\/wp-json\/wp\/v2\/tags?post=3407"}],"curies":[{"name":"wp","href":"https:\/\/api.w.org\/{rel}","templated":true}]}}