{"id":3405,"date":"2022-04-21T22:05:32","date_gmt":"2022-04-22T03:05:32","guid":{"rendered":"https:\/\/noticiasveracruz.com\/?p=3405"},"modified":"2022-04-22T06:37:53","modified_gmt":"2022-04-22T11:37:53","slug":"la-piel-delgada-de-la-oposicion","status":"publish","type":"post","link":"https:\/\/noticiasveracruz.com\/index.php\/2022\/04\/21\/la-piel-delgada-de-la-oposicion\/","title":{"rendered":"La piel delgada de la oposici\u00f3n"},"content":{"rendered":"<div>\n<p>&nbsp;<\/p>\n<p><strong><span style=\"font-size: 18pt;\">Por Jos\u00e9 Garc\u00eda S\u00e1nchez<\/span><\/strong><\/p>\n<p>&nbsp;<\/p>\n<p><span style=\"font-size: 14pt;\"><strong>Los panistas se ofendieron porque se les denomin\u00f3 traidores y aseguran que dicho nombramiento fue creado por la c\u00fapula del partido Morena<\/strong>. Durante meses l<strong>os panistas lanzaron una serie de insultos<\/strong> a todos y cada uno de los integrantes de la <strong>Cuarta Transformaci\u00f3n<\/strong> desde el militante hasta el Presidente de la Rep\u00fablica. A los seguidores de este movimiento les dijeron todo, incluso que los quer\u00edan quemar en el z\u00f3calo.<\/span><\/p>\n<p><span style=\"font-size: 14pt;\"><strong>Insultaron al pueblo<\/strong> y a sus autoridades porque <strong>al cuestionar su voluntad<\/strong> porque las decisiones del gobierno representan una votaci\u00f3n de m\u00e1s de 30 millones de mexicanos y <strong>como todav\u00eda no aprenden a ser oposici\u00f3n<\/strong>, consideran que las mayor\u00edas s\u00f3lo son un concepto abstracto.<\/span><\/p>\n<p><span style=\"font-size: 14pt;\">Los exabruptos provenientes del <strong>PAN conten\u00edan significados claramente racistas<\/strong>, como si provinieran de la <strong>nobleza a los plebeyos<\/strong>. Siempre con un tono de <strong>segregaci\u00f3n que delataba cierto intento de superioridad<\/strong>. Nadie dijo nada, pero ni lo olvidaron ni dejaron de advertirlo.<\/span><\/p>\n<p><span style=\"font-size: 14pt;\">Ahora que la gente en la calle les grita a <strong>los diputados de ese partido \u201cTraidores\u201d,<\/strong> realizan una rueda de promesa <strong>denunciando maltrato y agresiones<\/strong>. Se olvidaron que cada vez que asist\u00eda un funcionario p\u00fablico a comparecer en el Senado se le hac\u00eda regalos insultantes, agresivos. Y nadie dec\u00eda nada, al contrario, los agravios gratuitos siempre manchan m\u00e1s a quienes los profieren que a quienes van dirigidos.<\/span><\/p>\n<blockquote><p><span style=\"font-size: 14pt;\">Cuando un pol\u00edtico, en un cargo de elecci\u00f3n popular toma posesi\u00f3n de su cargo hace un juramento que a la letra dice: \u00abProtesto guardar y hacer guardar la Constituci\u00f3n Pol\u00edtica de los Estados Unidos Mexicanos y las leyes que de ella emanen, y su as\u00ed no lo hiciera que la Naci\u00f3n me lo demande\u201d<\/span><\/p><\/blockquote>\n<p><span style=\"font-size: 14pt;\">Los se\u00f1alamientos p\u00fablicos contra los panistas se refieren a la \u00faltima parte de esa frase, <strong>a la que ellos se comprometieron a cumplir y ahora no quiere aceptar sus consecuencias<\/strong>. Porque la mayor\u00eda de <strong>los mexicanos estaban a favor de la reforma el\u00e9ctrica y demandan congruencia a sus representantes.<\/strong><\/span><\/p>\n<p><span style=\"font-size: 14pt;\"><strong>El PRI, por su parte, traicion\u00f3 m\u00e1s<\/strong>. A la poblaci\u00f3n, a sus ra\u00edces, a los hombres que desde su partido hicieron historia y a ellos mismos. Ante este panorama nadie puede llamarse ofendido cuando es la voz de la gente la que reclama congruencia y no con los preceptos de los colores de sus partidos son con quienes representan.<\/span><\/p>\n<p><span style=\"font-size: 14pt;\">La polarizaci\u00f3n que la derecha asegura existe, en la sociedad no se practica como insisten en difundir.<strong> Ellos se divorciaron de la gente y polarizaron el ambiente pol\u00edtico desde las tribunas legislativas, el discurso partidista y el debate en el Congreso<\/strong>; sin embargo, culpan al gobierno federal de dividir a los mexicanos, cuando en estos momentos pesan sobre los tres partidos de derecha en M\u00e9xico acusaciones por un aut\u00e9ntico delito que no deb\u00eda molestarles, traicionan los intereses de los mexicanos para favorecer a los extranjeros, a esos se les llama traidores, aqu\u00ed y en China.<\/span><\/p>\n<blockquote><p><span style=\"font-size: 14pt;\">Los panistas no se acuerdan cuando insultaron el p\u00fablico y a trav\u00e9s de los medios a m\u00e1s de un funcionario, ahora quieren demandar porque se les describe, porque se les define, a causa de su preferencia hereditaria de defender a la empresa privada extranjera en lugar de favorecer a la gente que representan. <\/span><\/p><\/blockquote>\n<p><span style=\"font-size: 14pt;\"><strong>No son insultos son definiciones sociales provenientes del pueblo,<\/strong> al que nadie les orden\u00f3 realizar, lo hacen de manera espont\u00e1nea y lo seguir\u00e1n haciendo a pesar de denuncias y demandas, de llanto y auto conmiseraci\u00f3n.<\/span><\/p>\n<p>&nbsp;<\/p>\n<p><span style=\"font-size: 18pt;\"><strong>Las encuestas m\u00e1s conservadoras estiman que 7 de cada 10 mexicanos est\u00e1n a favor de la reforma el\u00e9ctrica<\/strong><\/span><\/p>\n<p><span style=\"font-size: 14pt;\"><strong>pero ellos pocas veces prestan o\u00eddos a la poblaci\u00f3n.<\/strong> Consideran que todo lo que corre en este sexenio debe ser criticado, evitado, saboteado sin darse cuenta que a su alrededor hay un sinn\u00famero de problemas que pudieran contribuir a su soluci\u00f3n y s\u00f3lo se cruzan de brazos, <strong>esa tambi\u00e9n es una manera de traicionar.<\/strong><\/span><\/p>\n<\/div>\n<div class=\"yj6qo\"><\/div>\n<div><\/div>\n<div><\/div>\n<div><\/div>\n<div><span style=\"font-size: 18pt;\"><strong>Twitter: <a href=\"https:\/\/twitter.com\/Josangasa3\">@Josangasa3<\/a><\/strong><\/span><\/div>\n<div class=\"adL\"><\/div>\n<div><\/div>\n","protected":false},"excerpt":{"rendered":"<p>&nbsp; Por Jos\u00e9 Garc\u00eda S\u00e1nchez &nbsp; Los panistas se ofendieron porque se les denomin\u00f3 traidores y aseguran que dicho nombramiento<\/p>\n","protected":false},"author":4,"featured_media":3183,"comment_status":"closed","ping_status":"closed","sticky":false,"template":"","format":"standard","meta":{"colormag_page_container_layout":"default_layout","colormag_page_sidebar_layout":"default_layout","_jetpack_memberships_contains_paid_content":false,"footnotes":"","jetpack_publicize_message":"","jetpack_publicize_feature_enabled":true,"jetpack_social_post_already_shared":false,"jetpack_social_options":{"image_generator_settings":{"template":"highway","default_image_id":0,"font":"","enabled":false},"version":2}},"categories":[6],"tags":[],"class_list":["post-3405","post","type-post","status-publish","format-standard","has-post-thumbnail","hentry","category-columnistas"],"jetpack_publicize_connections":[],"jetpack_featured_media_url":"https:\/\/noticiasveracruz.com\/wp-content\/uploads\/2022\/04\/NV-JOSE\u0301-GARCI\u0301A.png","jetpack_sharing_enabled":true,"publishpress_future_action":{"enabled":false,"date":"2026-05-06 19:59:36","action":"change-status","newStatus":"draft","terms":[],"taxonomy":"category","extraData":[]},"publishpress_future_workflow_manual_trigger":{"enabledWorkflows":[]},"_links":{"self":[{"href":"https:\/\/noticiasveracruz.com\/index.php\/wp-json\/wp\/v2\/posts\/3405","targetHints":{"allow":["GET"]}}],"collection":[{"href":"https:\/\/noticiasveracruz.com\/index.php\/wp-json\/wp\/v2\/posts"}],"about":[{"href":"https:\/\/noticiasveracruz.com\/index.php\/wp-json\/wp\/v2\/types\/post"}],"author":[{"embeddable":true,"href":"https:\/\/noticiasveracruz.com\/index.php\/wp-json\/wp\/v2\/users\/4"}],"replies":[{"embeddable":true,"href":"https:\/\/noticiasveracruz.com\/index.php\/wp-json\/wp\/v2\/comments?post=3405"}],"version-history":[{"count":0,"href":"https:\/\/noticiasveracruz.com\/index.php\/wp-json\/wp\/v2\/posts\/3405\/revisions"}],"wp:featuredmedia":[{"embeddable":true,"href":"https:\/\/noticiasveracruz.com\/index.php\/wp-json\/wp\/v2\/media\/3183"}],"wp:attachment":[{"href":"https:\/\/noticiasveracruz.com\/index.php\/wp-json\/wp\/v2\/media?parent=3405"}],"wp:term":[{"taxonomy":"category","embeddable":true,"href":"https:\/\/noticiasveracruz.com\/index.php\/wp-json\/wp\/v2\/categories?post=3405"},{"taxonomy":"post_tag","embeddable":true,"href":"https:\/\/noticiasveracruz.com\/index.php\/wp-json\/wp\/v2\/tags?post=3405"}],"curies":[{"name":"wp","href":"https:\/\/api.w.org\/{rel}","templated":true}]}}