{"id":3400,"date":"2022-04-21T08:56:26","date_gmt":"2022-04-21T13:56:26","guid":{"rendered":"https:\/\/noticiasveracruz.com\/?p=3400"},"modified":"2022-04-21T08:58:11","modified_gmt":"2022-04-21T13:58:11","slug":"amis-nissan-versa-el-mas-robado-en-mexico","status":"publish","type":"post","link":"https:\/\/noticiasveracruz.com\/index.php\/2022\/04\/21\/amis-nissan-versa-el-mas-robado-en-mexico\/","title":{"rendered":"AMIS: Nissan Versa, el m\u00e1s robado en M\u00e9xico"},"content":{"rendered":"<p>&nbsp;<\/p>\n<p class=\"p2\"><span style=\"font-size: 14pt;\"><em><strong>Ciudad de M\u00e9xico.<\/strong> <\/em>La <strong>Asociaci\u00f3n Mexicana de Instituciones de Seguros<\/strong> (AMIS) inform\u00f3 que el <strong>Nissan Versa es el auto m\u00e1s robado en M\u00e9xico<\/strong>. Entre abril de 2021 y marzo del a\u00f1o en curso se reportaron <strong>3,247 unidades aseguradas hurtadas<\/strong>.<\/span><\/p>\n<p class=\"p2\"><span style=\"font-size: 14pt;\">En segundo lugar se encuentra la <strong>pickup Nissan NP300 con un total de 2,665 unidades robadas<\/strong>.<\/span><\/p>\n<p class=\"p2\"><span style=\"font-size: 14pt;\"><strong>Las marcas Chevrolet Aveo, Honda CRV, Chevrolet Beat se encuentran en las posiciones siguientes con 2,067,1,836 y 1,830 unidades robadas, respectivamente.<\/strong><\/span><\/p>\n<blockquote>\n<p class=\"p2\"><span style=\"font-size: 14pt;\">\u00abTenemos registrado que el robo de veh\u00edculos se debe a que los delincuentes realizan otros delitos con los autos robados (&#8230;) Tambi\u00e9n son utilizados para el mercado negro de autopartes\u00bb, explic\u00f3 Norma Alicia Rosas, directora general de la AMIS al presentar el informe \u201cRobo y Recuperaci\u00f3n de Veh\u00edculos Robados\u201d.<\/span><\/p>\n<\/blockquote>\n<p class=\"p2\"><span style=\"font-size: 14pt;\"><strong>Respecto a las entidades con mayor \u00edndice de robos se encuentran: Sinaloa, Zacatecas, Guerrero, Puebla, Guanajuato, Tabasco, Tlaxcala, Michoac\u00e1n, Chiapas.<\/strong><\/span><\/p>\n<p class=\"p2\"><span style=\"font-size: 14pt;\">Rosas agreg\u00f3 que en los \u00faltimos 12 meses se robaron en M\u00e9xico 62,102 veh\u00edculos asegurados. Tan solo de abril de 2021 a marzo de 2022 a diario se registraron 170 hurtadas. Sin embargo, de ese total fueron recuperadas 27,577 unidades.<\/span><\/p>\n<p>&nbsp;<\/p>\n<p class=\"p2\"><span style=\"font-size: 14pt;\"><em><strong>Informaci\u00f3n: Contrarr\u00e9plica <\/strong><\/em><\/span><\/p>\n","protected":false},"excerpt":{"rendered":"<p>&nbsp; Ciudad de M\u00e9xico. La Asociaci\u00f3n Mexicana de Instituciones de Seguros (AMIS) inform\u00f3 que el Nissan Versa es el auto<\/p>\n","protected":false},"author":4,"featured_media":3403,"comment_status":"closed","ping_status":"closed","sticky":false,"template":"","format":"standard","meta":{"colormag_page_container_layout":"default_layout","colormag_page_sidebar_layout":"default_layout","_jetpack_memberships_contains_paid_content":false,"footnotes":"","jetpack_publicize_message":"","jetpack_publicize_feature_enabled":true,"jetpack_social_post_already_shared":false,"jetpack_social_options":{"image_generator_settings":{"template":"highway","default_image_id":0,"font":"","enabled":false},"version":2}},"categories":[4],"tags":[421,420,422],"class_list":["post-3400","post","type-post","status-publish","format-standard","has-post-thumbnail","hentry","category-nacional","tag-amis","tag-nissa-versa","tag-robo-autos"],"jetpack_publicize_connections":[],"jetpack_featured_media_url":"https:\/\/noticiasveracruz.com\/wp-content\/uploads\/2022\/04\/P-ROBO-1.png","jetpack_sharing_enabled":true,"publishpress_future_action":{"enabled":false,"date":"2026-05-07 08:37:39","action":"change-status","newStatus":"draft","terms":[],"taxonomy":"category","extraData":[]},"publishpress_future_workflow_manual_trigger":{"enabledWorkflows":[]},"_links":{"self":[{"href":"https:\/\/noticiasveracruz.com\/index.php\/wp-json\/wp\/v2\/posts\/3400","targetHints":{"allow":["GET"]}}],"collection":[{"href":"https:\/\/noticiasveracruz.com\/index.php\/wp-json\/wp\/v2\/posts"}],"about":[{"href":"https:\/\/noticiasveracruz.com\/index.php\/wp-json\/wp\/v2\/types\/post"}],"author":[{"embeddable":true,"href":"https:\/\/noticiasveracruz.com\/index.php\/wp-json\/wp\/v2\/users\/4"}],"replies":[{"embeddable":true,"href":"https:\/\/noticiasveracruz.com\/index.php\/wp-json\/wp\/v2\/comments?post=3400"}],"version-history":[{"count":0,"href":"https:\/\/noticiasveracruz.com\/index.php\/wp-json\/wp\/v2\/posts\/3400\/revisions"}],"wp:featuredmedia":[{"embeddable":true,"href":"https:\/\/noticiasveracruz.com\/index.php\/wp-json\/wp\/v2\/media\/3403"}],"wp:attachment":[{"href":"https:\/\/noticiasveracruz.com\/index.php\/wp-json\/wp\/v2\/media?parent=3400"}],"wp:term":[{"taxonomy":"category","embeddable":true,"href":"https:\/\/noticiasveracruz.com\/index.php\/wp-json\/wp\/v2\/categories?post=3400"},{"taxonomy":"post_tag","embeddable":true,"href":"https:\/\/noticiasveracruz.com\/index.php\/wp-json\/wp\/v2\/tags?post=3400"}],"curies":[{"name":"wp","href":"https:\/\/api.w.org\/{rel}","templated":true}]}}