{"id":3391,"date":"2022-04-21T07:58:16","date_gmt":"2022-04-21T12:58:16","guid":{"rendered":"https:\/\/noticiasveracruz.com\/?p=3391"},"modified":"2022-04-21T07:59:18","modified_gmt":"2022-04-21T12:59:18","slug":"por-narcotrafico-hernandez-expresidente-hondureno-sera-extraditado-a-eu","status":"publish","type":"post","link":"https:\/\/noticiasveracruz.com\/index.php\/2022\/04\/21\/por-narcotrafico-hernandez-expresidente-hondureno-sera-extraditado-a-eu\/","title":{"rendered":"Por narcotr\u00e1fico, expresidente hondure\u00f1o ser\u00e1 extraditado a EU"},"content":{"rendered":"<p>&nbsp;<\/p>\n<p class=\"p1\"><span style=\"font-size: 14pt;\"><em><strong>San Salvador.<\/strong><span class=\"Apple-converted-space\"><strong>\u00a0<\/strong> <\/span><\/em>El <strong>expresidente hondure\u00f1o Juan Orlando Hern\u00e1ndez -mandato 2014-2022- ser\u00e1 extraditado a Estados Unidos<\/strong>, donde es <strong>reclamado por cargos de tr\u00e1fico de drogas, armas y municiones<\/strong>, confirm\u00f3 el titular de la Secretar\u00eda de Seguridad, Ram\u00f3n Sabill\u00f3n.<\/span><\/p>\n<blockquote>\n<p class=\"p1\"><span style=\"font-size: 14pt;\">Proceder\u00e1 a ejecutar la orden de extradici\u00f3n del ciudadano Juan Orlando Hern\u00e1ndez Alvarado este jueves 21 de abril del a\u00f1o 2022, a las 07.00 hora de la ma\u00f1ana, en la base a\u00e9rea Hern\u00e1n Acosta Mej\u00edas\u201d, declar\u00f3 Sabill\u00f3n, quien tuvo que ir al exilio durante la gesti\u00f3n de Hern\u00e1ndez.<\/span><\/p>\n<\/blockquote>\n<p class=\"p1\"><span style=\"font-size: 14pt;\">Sabill\u00f3n agreg\u00f3 que la Secretar\u00eda de Seguridad ser\u00e1 la encargada de ejecutar la orden de extradici\u00f3n del tambi\u00e9n conocido como JOH a las 07.00 hora local (13:00 GMT), tras el simulacro realizado el 20 de abril, que incluy\u00f3 un amplio despliegue policial.<\/span><\/p>\n<p class=\"p1\"><span style=\"font-size: 14pt;\">El Pleno de magistrados de la Corte Suprema de Justicia de Honduras firm\u00f3 la semana pasada el fallo que ratific\u00f3\u00a0la decisi\u00f3n de extraditar a Hern\u00e1ndez, adoptada por un juez de primera instancia el 16 de marzo.<\/span><\/p>\n<p class=\"p1\"><span style=\"font-size: 14pt;\">Se prev\u00e9 que la agencia antidrogas de Estados Unidos (DEA, siglas en ingl\u00e9s) enviar\u00e1 un avi\u00f3n para llevarse al exmandatario<\/span><strong><span style=\"font-size: 14pt;\">, acusado por un testigo en el caso contra su hermano, el exdiputado Antonio Hern\u00e1ndez, en un juzgado de New York.<\/span><\/strong><\/p>\n<p><span style=\"font-size: 14pt;\">El jefe \u00abarrepentido\u00bb de un cartel de la droga asegur\u00f3 que el hoy presidente de Honduras le ayud\u00f3 a introducir toneladas de droga en Estados Unidos y que su hermano Tony Hern\u00e1ndez ejerci\u00f3 de intermediario. Juan Orlando Hern\u00e1ndez siempre lo ha negado.<\/span><\/p>\n<p class=\"p1\"><strong><span style=\"font-size: 14pt;\">Estados Unidos solicit\u00f3 a Honduras el pasado 14 de febrero\u00a0la extradici\u00f3n de Hern\u00e1ndez, acusado de \u00abconspiraci\u00f3n violenta de narcotr\u00e1fico\u201d, que propici\u00f3 el ingreso de medio mill\u00f3n de kilogramos de coca\u00edna hacia la naci\u00f3n norte\u00f1a.<\/span><\/strong><\/p>\n<p>&nbsp;<\/p>\n<figure id=\"attachment_3393\" aria-describedby=\"caption-attachment-3393\" style=\"width: 800px\" class=\"wp-caption aligncenter\"><img loading=\"lazy\" decoding=\"async\" class=\"wp-image-3393 size-large\" src=\"http:\/\/noticiasveracruz.com\/wp-content\/uploads\/2022\/04\/P-HONDURAS3-1024x573.png\" alt=\"\" width=\"800\" height=\"448\" srcset=\"https:\/\/noticiasveracruz.com\/wp-content\/uploads\/2022\/04\/P-HONDURAS3-1024x573.png 1024w, https:\/\/noticiasveracruz.com\/wp-content\/uploads\/2022\/04\/P-HONDURAS3-600x336.png 600w, https:\/\/noticiasveracruz.com\/wp-content\/uploads\/2022\/04\/P-HONDURAS3-300x168.png 300w, https:\/\/noticiasveracruz.com\/wp-content\/uploads\/2022\/04\/P-HONDURAS3-768x430.png 768w, https:\/\/noticiasveracruz.com\/wp-content\/uploads\/2022\/04\/P-HONDURAS3-1536x859.png 1536w, https:\/\/noticiasveracruz.com\/wp-content\/uploads\/2022\/04\/P-HONDURAS3.png 1816w\" sizes=\"auto, (max-width: 800px) 100vw, 800px\" \/><figcaption id=\"caption-attachment-3393\" class=\"wp-caption-text\">Hondure\u00f1os en NY exigen la extradici\u00f3n del presidente de Honduras para que sea juzgado.<\/figcaption><\/figure>\n<p>&nbsp;<\/p>\n<p>&nbsp;<\/p>\n<p>&nbsp;<\/p>\n<p>&nbsp;<\/p>\n","protected":false},"excerpt":{"rendered":"<p>&nbsp; San Salvador.\u00a0 El expresidente hondure\u00f1o Juan Orlando Hern\u00e1ndez -mandato 2014-2022- ser\u00e1 extraditado a Estados Unidos, donde es reclamado por<\/p>\n","protected":false},"author":4,"featured_media":3392,"comment_status":"closed","ping_status":"closed","sticky":false,"template":"","format":"standard","meta":{"colormag_page_container_layout":"default_layout","colormag_page_sidebar_layout":"default_layout","_jetpack_memberships_contains_paid_content":false,"footnotes":"","jetpack_publicize_message":"","jetpack_publicize_feature_enabled":true,"jetpack_social_post_already_shared":false,"jetpack_social_options":{"image_generator_settings":{"template":"highway","default_image_id":0,"font":"","enabled":false},"version":2}},"categories":[355],"tags":[416,414,415],"class_list":["post-3391","post","type-post","status-publish","format-standard","has-post-thumbnail","hentry","category-internacional","tag-dea","tag-juan-orlando-hernandez","tag-narcotrafico"],"jetpack_publicize_connections":[],"jetpack_featured_media_url":"https:\/\/noticiasveracruz.com\/wp-content\/uploads\/2022\/04\/P-HONDURAS1.png","jetpack_sharing_enabled":true,"publishpress_future_action":{"enabled":false,"date":"2026-05-07 06:45:06","action":"change-status","newStatus":"draft","terms":[],"taxonomy":"category","extraData":[]},"publishpress_future_workflow_manual_trigger":{"enabledWorkflows":[]},"_links":{"self":[{"href":"https:\/\/noticiasveracruz.com\/index.php\/wp-json\/wp\/v2\/posts\/3391","targetHints":{"allow":["GET"]}}],"collection":[{"href":"https:\/\/noticiasveracruz.com\/index.php\/wp-json\/wp\/v2\/posts"}],"about":[{"href":"https:\/\/noticiasveracruz.com\/index.php\/wp-json\/wp\/v2\/types\/post"}],"author":[{"embeddable":true,"href":"https:\/\/noticiasveracruz.com\/index.php\/wp-json\/wp\/v2\/users\/4"}],"replies":[{"embeddable":true,"href":"https:\/\/noticiasveracruz.com\/index.php\/wp-json\/wp\/v2\/comments?post=3391"}],"version-history":[{"count":0,"href":"https:\/\/noticiasveracruz.com\/index.php\/wp-json\/wp\/v2\/posts\/3391\/revisions"}],"wp:featuredmedia":[{"embeddable":true,"href":"https:\/\/noticiasveracruz.com\/index.php\/wp-json\/wp\/v2\/media\/3392"}],"wp:attachment":[{"href":"https:\/\/noticiasveracruz.com\/index.php\/wp-json\/wp\/v2\/media?parent=3391"}],"wp:term":[{"taxonomy":"category","embeddable":true,"href":"https:\/\/noticiasveracruz.com\/index.php\/wp-json\/wp\/v2\/categories?post=3391"},{"taxonomy":"post_tag","embeddable":true,"href":"https:\/\/noticiasveracruz.com\/index.php\/wp-json\/wp\/v2\/tags?post=3391"}],"curies":[{"name":"wp","href":"https:\/\/api.w.org\/{rel}","templated":true}]}}