{"id":3387,"date":"2022-04-21T07:21:18","date_gmt":"2022-04-21T12:21:18","guid":{"rendered":"https:\/\/noticiasveracruz.com\/?p=3387"},"modified":"2022-04-21T07:21:18","modified_gmt":"2022-04-21T12:21:18","slug":"busca-peru-castracion-quimica-contra-violadores-pedofilos","status":"publish","type":"post","link":"https:\/\/noticiasveracruz.com\/index.php\/2022\/04\/21\/busca-peru-castracion-quimica-contra-violadores-pedofilos\/","title":{"rendered":"Busca Per\u00fa castraci\u00f3n qu\u00edmica contra violadores ped\u00f3filos"},"content":{"rendered":"<p>&nbsp;<\/p>\n<p class=\"p1\"><span style=\"font-size: 14pt;\"><em><strong>Per\u00fa.<span class=\"Apple-converted-space\">\u00a0 <\/span><\/strong><\/em><b>El gobierno de Per\u00fa presentar\u00e1 un proyecto de ley<\/b> para permitir la <b>castraci\u00f3n qu\u00edmica como castigo por violar a una menor,<\/b> dijeron miembros del gabinete a periodistas, luego de la indignaci\u00f3n nacional por la violaci\u00f3n de una ni\u00f1a de 3 a\u00f1os.<\/span><\/p>\n<blockquote>\n<p class=\"p1\"><span style=\"font-size: 14pt;\">Consideramos que esta medida ser\u00e1 una sanci\u00f3n adicional para quienes cometan violaci\u00f3n\u201d, dijo el ministro de Justicia, F\u00e9lix Chero.<\/span><\/p>\n<\/blockquote>\n<p class=\"p1\"><span style=\"font-size: 14pt;\">Dijo que el gobierno <strong>espera que quienes violen a menores cumplan condena en prisi\u00f3n y sean castrados qu\u00edmicamente al final de sus sentencias.<\/strong><\/span><\/p>\n<p class=\"p1\"><span style=\"font-size: 14pt;\">La medida se produce despu\u00e9s de que <strong>un hombre de 48 a\u00f1os fuera arrestado a principios de este mes bajo sospecha de violar a la ni\u00f1a de 3 a\u00f1os<\/strong>, que tuvo que someterse a una cirug\u00eda despu\u00e9s de la terrible experiencia.<\/span><\/p>\n<p>&nbsp;<\/p>\n<p><img loading=\"lazy\" decoding=\"async\" class=\"aligncenter wp-image-3389 size-large\" src=\"http:\/\/noticiasveracruz.com\/wp-content\/uploads\/2022\/04\/P-PERU2-1024x573.png\" alt=\"\" width=\"800\" height=\"448\" srcset=\"https:\/\/noticiasveracruz.com\/wp-content\/uploads\/2022\/04\/P-PERU2-1024x573.png 1024w, https:\/\/noticiasveracruz.com\/wp-content\/uploads\/2022\/04\/P-PERU2-600x336.png 600w, https:\/\/noticiasveracruz.com\/wp-content\/uploads\/2022\/04\/P-PERU2-300x168.png 300w, https:\/\/noticiasveracruz.com\/wp-content\/uploads\/2022\/04\/P-PERU2-768x430.png 768w, https:\/\/noticiasveracruz.com\/wp-content\/uploads\/2022\/04\/P-PERU2-1536x859.png 1536w, https:\/\/noticiasveracruz.com\/wp-content\/uploads\/2022\/04\/P-PERU2.png 1816w\" sizes=\"auto, (max-width: 800px) 100vw, 800px\" \/><\/p>\n<p>&nbsp;<\/p>\n<p class=\"p1\"><span style=\"font-size: 14pt;\">El presidente Pedro Castillo, un ex maestro de escuela socialmente conservador, ha apoyado el proyecto de ley y ha dicho que las personas que violan a menores deben ser castigadas de manera ejemplar.<\/span><\/p>\n<blockquote>\n<p class=\"p1\"><span style=\"font-size: 14pt;\">\u00abEsperamos que el Congreso respalde (el proyecto de ley)\u00bb, dijo Castillo a principios de esta semana.<\/span><\/p>\n<\/blockquote>\n<p class=\"p1\"><span style=\"font-size: 14pt;\"><strong>Para convertirse en ley, el proyecto de ley deber\u00e1 aprobarse en el Congreso peruano, controlado por la oposici\u00f3n<\/strong>.\u00a0Los conservadores constituyen la mayor\u00eda de los legisladores, <strong>incluidos algunos que han hecho una propuesta alternativa para incluir la pena de muerte como castigo por la violaci\u00f3n de un menor.<\/strong><\/span><\/p>\n<p class=\"p1\"><span style=\"font-size: 14pt;\"><strong>La propuesta de castraci\u00f3n qu\u00edmica ha sido criticada por el propio ministro de Salud de Per\u00fa, Jorge L\u00f3pez, as\u00ed como por los padres de la v\u00edctima<\/strong> y por organizaciones de derechos de la mujer.<\/span><\/p>\n<blockquote>\n<p class=\"p1\"><span style=\"font-size: 14pt;\">Lamentamos que el Ejecutivo no entienda la violencia sexual\u201d, dijo en Twitter el grupo de derechos de las mujeres Flora Tristan. \u201cLo que necesitamos son medidas para agilizar los procesos judiciales, mejorar la atenci\u00f3n, combatir la impunidad y fortalecer la prevenci\u00f3n\u201d.<\/span><\/p>\n<\/blockquote>\n<p class=\"p1\"><strong><span style=\"font-size: 14pt;\">Esta no es la primera vez que los pol\u00edticos discuten la medida.\u00a0En 2018, el Congreso presion\u00f3 para incluir la castraci\u00f3n qu\u00edmica como castigo para quienes violen a ni\u00f1os menores de 14 a\u00f1os.\u00a0La propuesta, sin embargo, no fue implementada.<\/span><\/strong><\/p>\n<p>&nbsp;<\/p>\n<p>&nbsp;<\/p>\n","protected":false},"excerpt":{"rendered":"<p>&nbsp; Per\u00fa.\u00a0 El gobierno de Per\u00fa presentar\u00e1 un proyecto de ley para permitir la castraci\u00f3n qu\u00edmica como castigo por violar<\/p>\n","protected":false},"author":4,"featured_media":3388,"comment_status":"closed","ping_status":"closed","sticky":false,"template":"","format":"standard","meta":{"colormag_page_container_layout":"default_layout","colormag_page_sidebar_layout":"default_layout","_jetpack_memberships_contains_paid_content":false,"footnotes":"","jetpack_publicize_message":"","jetpack_publicize_feature_enabled":true,"jetpack_social_post_already_shared":false,"jetpack_social_options":{"image_generator_settings":{"template":"highway","default_image_id":0,"font":"","enabled":false},"version":2}},"categories":[355],"tags":[410,412,413,411],"class_list":["post-3387","post","type-post","status-publish","format-standard","has-post-thumbnail","hentry","category-internacional","tag-castracion-quimica","tag-pedofilos","tag-peru","tag-violandores"],"jetpack_publicize_connections":[],"jetpack_featured_media_url":"https:\/\/noticiasveracruz.com\/wp-content\/uploads\/2022\/04\/P-CASTRACIO\u0301N.png","jetpack_sharing_enabled":true,"publishpress_future_action":{"enabled":false,"date":"2026-05-07 05:59:49","action":"change-status","newStatus":"draft","terms":[],"taxonomy":"category","extraData":[]},"publishpress_future_workflow_manual_trigger":{"enabledWorkflows":[]},"_links":{"self":[{"href":"https:\/\/noticiasveracruz.com\/index.php\/wp-json\/wp\/v2\/posts\/3387","targetHints":{"allow":["GET"]}}],"collection":[{"href":"https:\/\/noticiasveracruz.com\/index.php\/wp-json\/wp\/v2\/posts"}],"about":[{"href":"https:\/\/noticiasveracruz.com\/index.php\/wp-json\/wp\/v2\/types\/post"}],"author":[{"embeddable":true,"href":"https:\/\/noticiasveracruz.com\/index.php\/wp-json\/wp\/v2\/users\/4"}],"replies":[{"embeddable":true,"href":"https:\/\/noticiasveracruz.com\/index.php\/wp-json\/wp\/v2\/comments?post=3387"}],"version-history":[{"count":0,"href":"https:\/\/noticiasveracruz.com\/index.php\/wp-json\/wp\/v2\/posts\/3387\/revisions"}],"wp:featuredmedia":[{"embeddable":true,"href":"https:\/\/noticiasveracruz.com\/index.php\/wp-json\/wp\/v2\/media\/3388"}],"wp:attachment":[{"href":"https:\/\/noticiasveracruz.com\/index.php\/wp-json\/wp\/v2\/media?parent=3387"}],"wp:term":[{"taxonomy":"category","embeddable":true,"href":"https:\/\/noticiasveracruz.com\/index.php\/wp-json\/wp\/v2\/categories?post=3387"},{"taxonomy":"post_tag","embeddable":true,"href":"https:\/\/noticiasveracruz.com\/index.php\/wp-json\/wp\/v2\/tags?post=3387"}],"curies":[{"name":"wp","href":"https:\/\/api.w.org\/{rel}","templated":true}]}}