{"id":33777,"date":"2024-06-13T09:42:27","date_gmt":"2024-06-13T14:42:27","guid":{"rendered":"https:\/\/noticiasveracruz.com\/?p=33777"},"modified":"2024-06-13T09:42:27","modified_gmt":"2024-06-13T14:42:27","slug":"pide-eu-a-sheinbaum-que-reforma-judicial-respete-inversiones-de-t-mec","status":"publish","type":"post","link":"https:\/\/noticiasveracruz.com\/index.php\/2024\/06\/13\/pide-eu-a-sheinbaum-que-reforma-judicial-respete-inversiones-de-t-mec\/","title":{"rendered":"Pide EU a Sheinbaum que reforma judicial respete inversiones de T-MEC"},"content":{"rendered":"<p><span style=\"font-size: 14pt;\">El Departamento de Estado de Estados Unidos inst\u00f3 ayer a la virtual presidenta electa de M\u00e9xico, Claudia Sheinbaum Pardo, a que la reforma judicial que debatir\u00e1 el Congreso mexicano respete las inversiones extranjeras previstas en el Tratado de Libre Comercio de Am\u00e9rica del Norte (T-MEC)<\/span><\/p>\n<div class=\"teads-inread\">\n<div>\n<div id=\"teads0\" class=\"teads-player\"><span style=\"font-size: 14pt;\">\u201cContinuaremos insistiendo, sea cual sea el futuro r\u00e9gimen legal en M\u00e9xico, en que todos los firmantes del TMEC acaten las disposiciones de protecci\u00f3n de la inversi\u00f3n extranjera en ese acuerdo\u201d, declar\u00f3 el subsecretario de Estado de Estados Unidos para el Hemisferio Occidental, Brian Nichols.<\/span><\/div>\n<\/div>\n<\/div>\n<p><span style=\"font-size: 14pt;\">Nichols respond\u00eda as\u00ed a una pregunta respecto a las reformas judiciales del Presidente Andr\u00e9s Manuel L\u00f3pez Obrador durante una comparecencia ante el Comit\u00e9 de Asuntos Exteriores de la C\u00e1mara de Representantes de Estados Unidos sobre \u201cla rivalidad entre las grandes potencias en Am\u00e9rica Latina\u201d.<\/span><\/p>\n<p><span style=\"font-size: 14pt;\">Nichols se\u00f1al\u00f3 que M\u00e9xico, es un \u201cpa\u00eds soberano\u201d, y por lo tanto, \u201ctiene procedimientos a trav\u00e9s de los cuales pueden cambiar su marco jur\u00eddico\u201d. Agreg\u00f3:\u201ccreemos que la transparencia judicial es vital para todos los inversionistas, sean inversionistas nacional o internacionales, particularmente aquellos de Estados Unidos y Canad\u00e1 como socios del T-MEC\u201d.<\/span><\/p>\n<p><span style=\"font-size: 14pt;\">Cuestionado sobre c\u00f3mo lograr que el pr\u00f3ximo gobierno de M\u00e9xico facilite la relocalizaci\u00f3n de empresas, conocida como nearshoring, Nichols subray\u00f3 que Sheinbaum es cient\u00edfica de profesi\u00f3n y confi\u00f3 en que \u201cdemostrar\u00e1 con hechos la importancia de este tema ser\u00e1 convincente para ella\u201d.<\/span><\/p>\n<p><span style=\"font-size: 14pt;\">Aunque algunas de las preguntas de los diputados sobre las intenciones de M\u00e9xico parecieron hostiles al nuevo gobierno vecino, el presidente republicano del comit\u00e9 Michael McCaul inici\u00f3 la audiencia se\u00f1alando que conoci\u00f3 a Sheinbaum. \u201cFui all\u00e1 a M\u00e9xico para hablar con la entonces candidata Claudia Sheinbaum sobre maneras de trabajar conjuntamente sobre el fentanilo e inmigraci\u00f3n. La felicito por su elecci\u00f3n. Espero que tome en serio el asunto migratorio y del fentanilo\u201d.<\/span><\/p>\n<p><span style=\"font-size: 14pt;\">El mandatario saliente Andr\u00e9s Manuel L\u00f3pez Obrador aspira a que la reforma judicial se apruebe en septiembre, una vez que se haya instalado el nuevo Congreso, con amplia mayor\u00eda de Morena, una profunda reforma que, entre otras cuestiones, busca que los miembros de la Suprema Corte sean elegidos mediante votaci\u00f3n popular. La primera ser\u00eda en julio del a\u00f1o pr\u00f3ximo para elegir a m\u00e1s de mil 600 puestos en la magistratura.<\/span><\/p>\n<p><span style=\"font-size: 14pt;\">Sheinbaum, que asumir\u00e1 el poder el 1 de octubre, ha expresado su apoyo a la reforma de su predecesor, pero ha pedido tambi\u00e9n que haya una \u201cdiscusi\u00f3n amplia\u201d sobre el tema que involucre a colegios de abogados, escuelas de derecho y jueces.<\/span><\/p>\n","protected":false},"excerpt":{"rendered":"<p>El Departamento de Estado de Estados Unidos inst\u00f3 ayer a la virtual presidenta electa de M\u00e9xico, Claudia Sheinbaum Pardo, a<\/p>\n","protected":false},"author":4,"featured_media":33778,"comment_status":"closed","ping_status":"closed","sticky":false,"template":"","format":"standard","meta":{"colormag_page_container_layout":"default_layout","colormag_page_sidebar_layout":"default_layout","_jetpack_memberships_contains_paid_content":false,"footnotes":"","jetpack_publicize_message":"","jetpack_publicize_feature_enabled":true,"jetpack_social_post_already_shared":true,"jetpack_social_options":{"image_generator_settings":{"template":"highway","default_image_id":0,"font":"","enabled":false},"version":2}},"categories":[355],"tags":[1105],"class_list":["post-33777","post","type-post","status-publish","format-standard","has-post-thumbnail","hentry","category-internacional","tag-claudia-sheinbaum"],"jetpack_publicize_connections":[],"jetpack_featured_media_url":"https:\/\/noticiasveracruz.com\/wp-content\/uploads\/2024\/06\/eu-pide-a-sheinbaum-que-reforma-judicial-respete-inversiones-del-t-mec-4888html-secretario-de-estadosjfif-8580html-25057ea8-d08b-4da4-85a0-3828d348a6ffrawimagetrue.jpg","jetpack_sharing_enabled":true,"publishpress_future_action":{"enabled":false,"date":"2026-05-10 07:13:57","action":"change-status","newStatus":"draft","terms":[],"taxonomy":"category","extraData":[]},"publishpress_future_workflow_manual_trigger":{"enabledWorkflows":[]},"_links":{"self":[{"href":"https:\/\/noticiasveracruz.com\/index.php\/wp-json\/wp\/v2\/posts\/33777","targetHints":{"allow":["GET"]}}],"collection":[{"href":"https:\/\/noticiasveracruz.com\/index.php\/wp-json\/wp\/v2\/posts"}],"about":[{"href":"https:\/\/noticiasveracruz.com\/index.php\/wp-json\/wp\/v2\/types\/post"}],"author":[{"embeddable":true,"href":"https:\/\/noticiasveracruz.com\/index.php\/wp-json\/wp\/v2\/users\/4"}],"replies":[{"embeddable":true,"href":"https:\/\/noticiasveracruz.com\/index.php\/wp-json\/wp\/v2\/comments?post=33777"}],"version-history":[{"count":0,"href":"https:\/\/noticiasveracruz.com\/index.php\/wp-json\/wp\/v2\/posts\/33777\/revisions"}],"wp:featuredmedia":[{"embeddable":true,"href":"https:\/\/noticiasveracruz.com\/index.php\/wp-json\/wp\/v2\/media\/33778"}],"wp:attachment":[{"href":"https:\/\/noticiasveracruz.com\/index.php\/wp-json\/wp\/v2\/media?parent=33777"}],"wp:term":[{"taxonomy":"category","embeddable":true,"href":"https:\/\/noticiasveracruz.com\/index.php\/wp-json\/wp\/v2\/categories?post=33777"},{"taxonomy":"post_tag","embeddable":true,"href":"https:\/\/noticiasveracruz.com\/index.php\/wp-json\/wp\/v2\/tags?post=33777"}],"curies":[{"name":"wp","href":"https:\/\/api.w.org\/{rel}","templated":true}]}}