{"id":33774,"date":"2024-06-13T09:39:23","date_gmt":"2024-06-13T14:39:23","guid":{"rendered":"https:\/\/noticiasveracruz.com\/?p=33774"},"modified":"2024-06-13T09:39:23","modified_gmt":"2024-06-13T14:39:23","slug":"apagon-en-puerto-rico-deja-a-mas-de-340-mil-usuarios-sin-luz","status":"publish","type":"post","link":"https:\/\/noticiasveracruz.com\/index.php\/2024\/06\/13\/apagon-en-puerto-rico-deja-a-mas-de-340-mil-usuarios-sin-luz\/","title":{"rendered":"Apag\u00f3n en Puerto Rico deja a m\u00e1s de 340 mil usuarios sin luz"},"content":{"rendered":"<p><span style=\"font-size: 14pt;\">Puerto Rico registr\u00f3 un apag\u00f3n generalizado la noche del mi\u00e9rcoles, el cual dej\u00f3 a m\u00e1s de 340 mil clientes sin servicio el\u00e9ctrico despu\u00e9s de que dos de las plantas generadoras de energ\u00eda de la isla dejaron de funcionar.<\/span><\/p>\n<div class=\"teads-inread\">\n<div>\n<div id=\"teads0\" class=\"teads-player\"><span style=\"font-size: 14pt;\">El apag\u00f3n abarc\u00f3 a la capital San Juan, as\u00ed como los municipios vecinos de Bayam\u00f3n, Caguas y Carolina.<\/span><\/div>\n<\/div>\n<\/div>\n<p><span style=\"font-size: 14pt;\">Luma Energy, la compa\u00f1\u00eda que opera la transmisi\u00f3n y distribuci\u00f3n para la Autoridad El\u00e9ctrica de Puerto Rico, se\u00f1al\u00f3 en la red social X que el apag\u00f3n estaba relacionado con un problema en las l\u00edneas de transmisi\u00f3n de las centrales termoel\u00e9ctricas.<\/span><\/p>\n<p><span style=\"font-size: 14pt;\">En un comunicado enviado a The Associated Press, se\u00f1al\u00f3 que investiga la interrupci\u00f3n en el suministro, el cual coincidi\u00f3 con el apagado de unidades de Genera PR, la cual opera y da mantenimiento a las unidades estatales de generaci\u00f3n el\u00e9ctrica.<\/span><\/p>\n<p><span style=\"font-size: 14pt;\">El gobernador Pedro Pierluisi conden\u00f3 la situaci\u00f3n y dijo que exigir\u00eda a Luma y Genera PR respuestas y soluciones.<\/span><\/p>\n<p><span style=\"font-size: 14pt;\">\u201cSon inaceptables los eventos que han estado ocurriendo en las pasadas semanas con nuestro sistema el\u00e9ctrico\u201d, public\u00f3 en la red social X. \u201cSi bien es cierto que tenemos plantas viejas y l\u00edneas de transmisi\u00f3n en p\u00e9simas condiciones, el pueblo sigue sufriendo las consecuencias de la falta de sentido de urgencia que est\u00e1n demostrando los operadores privados\u201d.<\/span><\/p>\n<p><span style=\"font-size: 14pt;\">Luma y Genera PR fueron seleccionadas como operadoras privadas durante la gesti\u00f3n de Pierluisi.<\/span><\/p>\n<p><span style=\"font-size: 14pt;\">Se trata del m\u00e1s reciente apag\u00f3n en una isla que a\u00fan intenta reconstruir su red el\u00e9ctrica, la cual qued\u00f3 devastada por el paso del hurac\u00e1n Maria en 2017.<\/span><\/p>\n<p><span style=\"font-size: 14pt;\">El apag\u00f3n oblig\u00f3 al alcalde de San Juan, Miguel Romero, a declarar un estado de emergencia la noche del mi\u00e9rcoles, y acus\u00f3 a Luma de compartir poca informaci\u00f3n sobre la actual interrupci\u00f3n del servicio.<\/span><\/p>\n<p><span style=\"font-size: 14pt;\">\u201cExisten miles de ni\u00f1os con necesidades espec\u00edficas de alimentaci\u00f3n, as\u00ed como adultos mayores, que en muchas ocasiones necesitan de m\u00e1quinas de terapias para proteger su salud y, en muchas ocasiones, salvar su vida\u201d, se indic\u00f3 en el decreto.<\/span><\/p>\n<p><span style=\"font-size: 14pt;\">Un gran n\u00famero de puertorrique\u00f1os se quejaron del apag\u00f3n en redes sociales y exigieron la salida de Luma, destacando que la interrupci\u00f3n en el servicio ocurri\u00f3 en medio de advertencias de calor excesivo. No todos en la isla, la cual tiene una tasa de pobreza superior a 40 por ciento, pueden comprar generadores o paneles solares.<\/span><\/p>\n","protected":false},"excerpt":{"rendered":"<p>Puerto Rico registr\u00f3 un apag\u00f3n generalizado la noche del mi\u00e9rcoles, el cual dej\u00f3 a m\u00e1s de 340 mil clientes sin<\/p>\n","protected":false},"author":4,"featured_media":33775,"comment_status":"closed","ping_status":"closed","sticky":false,"template":"","format":"standard","meta":{"colormag_page_container_layout":"default_layout","colormag_page_sidebar_layout":"default_layout","_jetpack_memberships_contains_paid_content":false,"footnotes":"","jetpack_publicize_message":"","jetpack_publicize_feature_enabled":true,"jetpack_social_post_already_shared":true,"jetpack_social_options":{"image_generator_settings":{"template":"highway","default_image_id":0,"font":"","enabled":false},"version":2}},"categories":[355],"tags":[3331],"class_list":["post-33774","post","type-post","status-publish","format-standard","has-post-thumbnail","hentry","category-internacional","tag-puerto-rico"],"jetpack_publicize_connections":[],"jetpack_featured_media_url":"https:\/\/noticiasveracruz.com\/wp-content\/uploads\/2024\/06\/apagon-en-puerto-rico-deja-a-mas-de-340-mil-usuarios-sin-luz-7398html-apagonesptorico_apjpg-882html-fac36a24-8cdf-4336-b7d8-4434ab12bdc6.jpg","jetpack_sharing_enabled":true,"publishpress_future_action":{"enabled":false,"date":"2026-05-10 06:11:16","action":"change-status","newStatus":"draft","terms":[],"taxonomy":"category","extraData":[]},"publishpress_future_workflow_manual_trigger":{"enabledWorkflows":[]},"_links":{"self":[{"href":"https:\/\/noticiasveracruz.com\/index.php\/wp-json\/wp\/v2\/posts\/33774","targetHints":{"allow":["GET"]}}],"collection":[{"href":"https:\/\/noticiasveracruz.com\/index.php\/wp-json\/wp\/v2\/posts"}],"about":[{"href":"https:\/\/noticiasveracruz.com\/index.php\/wp-json\/wp\/v2\/types\/post"}],"author":[{"embeddable":true,"href":"https:\/\/noticiasveracruz.com\/index.php\/wp-json\/wp\/v2\/users\/4"}],"replies":[{"embeddable":true,"href":"https:\/\/noticiasveracruz.com\/index.php\/wp-json\/wp\/v2\/comments?post=33774"}],"version-history":[{"count":0,"href":"https:\/\/noticiasveracruz.com\/index.php\/wp-json\/wp\/v2\/posts\/33774\/revisions"}],"wp:featuredmedia":[{"embeddable":true,"href":"https:\/\/noticiasveracruz.com\/index.php\/wp-json\/wp\/v2\/media\/33775"}],"wp:attachment":[{"href":"https:\/\/noticiasveracruz.com\/index.php\/wp-json\/wp\/v2\/media?parent=33774"}],"wp:term":[{"taxonomy":"category","embeddable":true,"href":"https:\/\/noticiasveracruz.com\/index.php\/wp-json\/wp\/v2\/categories?post=33774"},{"taxonomy":"post_tag","embeddable":true,"href":"https:\/\/noticiasveracruz.com\/index.php\/wp-json\/wp\/v2\/tags?post=33774"}],"curies":[{"name":"wp","href":"https:\/\/api.w.org\/{rel}","templated":true}]}}