{"id":33756,"date":"2024-06-13T08:23:34","date_gmt":"2024-06-13T13:23:34","guid":{"rendered":"https:\/\/noticiasveracruz.com\/?p=33756"},"modified":"2024-06-13T08:23:34","modified_gmt":"2024-06-13T13:23:34","slug":"detienen-a-profesor-que-abuso-de-seis-alumnas-en-tultitlan","status":"publish","type":"post","link":"https:\/\/noticiasveracruz.com\/index.php\/2024\/06\/13\/detienen-a-profesor-que-abuso-de-seis-alumnas-en-tultitlan\/","title":{"rendered":"Detienen a profesor que abus\u00f3 de seis alumnas en Tultitl\u00e1n"},"content":{"rendered":"<p><span style=\"font-size: 14pt;\">Polic\u00edas municipales, en respuesta una manifestaci\u00f3n de padres de familia, detuvieron al profesor Tom\u00e1s \u201cN\u201d,\u00a0 quien fue puesto a disposici\u00f3n del Ministerio P\u00fablico como probable responsable de abuso sexual en da\u00f1o de seis ni\u00f1as de la escuela primaria Narciso Mendoza.<\/span><\/p>\n<div class=\"teads-inread\">\n<div>\n<div id=\"teads0\" class=\"teads-player\"><span style=\"font-size: 14pt;\">La Comisi\u00f3n de Derechos Humanos del Estado de M\u00e9xico (CODHEM) inform\u00f3 esta noche que inici\u00f3 la investigaci\u00f3n de oficio CODHEM\/CUAUM\/TUL\/49\/2024, por el presunto abuso sexual contra las seis alumnas de una escuela primaria de Tultitl\u00e1n.<\/span><\/div>\n<\/div>\n<\/div>\n<p><span style=\"font-size: 14pt;\">De acuerdo a los hechos, fue el 10 de junio cuando el profesor de cuarto grado, ingres\u00f3 en estado de ebriedad a la escuela ubicada en el barrio de San Juan, en el primer cuadro del municipio, y a la hora de recreo dej\u00f3 salir a los ni\u00f1os, pero no a las ni\u00f1as quienes, al quedarse en el aula, al parecer comenz\u00f3 a realizar tocamientos sexuales.<\/span><\/p>\n<p><span style=\"font-size: 14pt;\">Padres de familia al conocer los hechos se manifestaron en el exterior de la escuela, en tanto, algunos pap\u00e1s entraron con la intenci\u00f3n de golpear al maestro, quien fue sometido y acorralado en un sal\u00f3n, donde esperaron la llegada de la polic\u00eda y tras hacer se\u00f1alamientos en contra, solicitaron a los oficiales fuera llevado ante Ministerio P\u00fablico.<\/span><\/p>\n<p><span style=\"font-size: 14pt;\">La Comisi\u00f3n de Derechos Humanos inform\u00f3 que el personal del organismo, a trav\u00e9s de la Visitadur\u00eda General de Cuautitl\u00e1n M\u00e9xico, inici\u00f3 la indagatoria \u201cderivado de la difusi\u00f3n del caso publicaci\u00f3n de notas period\u00edsticas en las que se informa que el probable agresor es profesor del cuarto grado del plantel donde presuntamente ocurrieron los hechos, al cual, acudi\u00f3 en estado de ebriedad y durante el receso oblig\u00f3 a los ni\u00f1os a salir; en el sal\u00f3n de clases habr\u00edan quedado \u00fanicamente las ni\u00f1as, a quienes presuntamente toc\u00f3 en sus partes \u00edntimas y oblig\u00f3 a bailar y a que le hicieran tocamientos\u201d.<\/span><\/p>\n<p><span style=\"font-size: 14pt;\">Destac\u00f3 que solicitar\u00e1 los informes correspondientes a las autoridades que puedan estar involucradas y llevar\u00e1 a cabo una investigaci\u00f3n cuidadosa privilegiando el inter\u00e9s superior de la ni\u00f1ez, para determinar si hubo vulneraciones a los derechos humanos de las seis ni\u00f1as.<\/span><\/p>\n","protected":false},"excerpt":{"rendered":"<p>Polic\u00edas municipales, en respuesta una manifestaci\u00f3n de padres de familia, detuvieron al profesor Tom\u00e1s \u201cN\u201d,\u00a0 quien fue puesto a disposici\u00f3n<\/p>\n","protected":false},"author":4,"featured_media":33757,"comment_status":"closed","ping_status":"closed","sticky":false,"template":"","format":"standard","meta":{"colormag_page_container_layout":"default_layout","colormag_page_sidebar_layout":"default_layout","_jetpack_memberships_contains_paid_content":false,"footnotes":"","jetpack_publicize_message":"","jetpack_publicize_feature_enabled":true,"jetpack_social_post_already_shared":true,"jetpack_social_options":{"image_generator_settings":{"template":"highway","default_image_id":0,"font":"","enabled":false},"version":2}},"categories":[145],"tags":[],"class_list":["post-33756","post","type-post","status-publish","format-standard","has-post-thumbnail","hentry","category-estados"],"jetpack_publicize_connections":[],"jetpack_featured_media_url":"https:\/\/noticiasveracruz.com\/wp-content\/uploads\/2024\/06\/maxresdefault-1.jpg","jetpack_sharing_enabled":true,"publishpress_future_action":{"enabled":false,"date":"2026-05-08 07:04:56","action":"change-status","newStatus":"draft","terms":[],"taxonomy":"category","extraData":[]},"publishpress_future_workflow_manual_trigger":{"enabledWorkflows":[]},"_links":{"self":[{"href":"https:\/\/noticiasveracruz.com\/index.php\/wp-json\/wp\/v2\/posts\/33756","targetHints":{"allow":["GET"]}}],"collection":[{"href":"https:\/\/noticiasveracruz.com\/index.php\/wp-json\/wp\/v2\/posts"}],"about":[{"href":"https:\/\/noticiasveracruz.com\/index.php\/wp-json\/wp\/v2\/types\/post"}],"author":[{"embeddable":true,"href":"https:\/\/noticiasveracruz.com\/index.php\/wp-json\/wp\/v2\/users\/4"}],"replies":[{"embeddable":true,"href":"https:\/\/noticiasveracruz.com\/index.php\/wp-json\/wp\/v2\/comments?post=33756"}],"version-history":[{"count":0,"href":"https:\/\/noticiasveracruz.com\/index.php\/wp-json\/wp\/v2\/posts\/33756\/revisions"}],"wp:featuredmedia":[{"embeddable":true,"href":"https:\/\/noticiasveracruz.com\/index.php\/wp-json\/wp\/v2\/media\/33757"}],"wp:attachment":[{"href":"https:\/\/noticiasveracruz.com\/index.php\/wp-json\/wp\/v2\/media?parent=33756"}],"wp:term":[{"taxonomy":"category","embeddable":true,"href":"https:\/\/noticiasveracruz.com\/index.php\/wp-json\/wp\/v2\/categories?post=33756"},{"taxonomy":"post_tag","embeddable":true,"href":"https:\/\/noticiasveracruz.com\/index.php\/wp-json\/wp\/v2\/tags?post=33756"}],"curies":[{"name":"wp","href":"https:\/\/api.w.org\/{rel}","templated":true}]}}