{"id":33720,"date":"2024-06-13T07:37:30","date_gmt":"2024-06-13T12:37:30","guid":{"rendered":"https:\/\/noticiasveracruz.com\/?p=33720"},"modified":"2024-06-13T07:37:30","modified_gmt":"2024-06-13T12:37:30","slug":"ante-sequia-urge-uso-de-tecnologia-para-garantizar-seguridad-alimentaria-sader","status":"publish","type":"post","link":"https:\/\/noticiasveracruz.com\/index.php\/2024\/06\/13\/ante-sequia-urge-uso-de-tecnologia-para-garantizar-seguridad-alimentaria-sader\/","title":{"rendered":"Ante sequ\u00eda urge uso de tecnolog\u00eda para garantizar seguridad alimentaria: SADER"},"content":{"rendered":"<p><span style=\"font-size: 14pt;\">Urge dar prioridad al tema de la seguridad alimentaria ya que es de vital importancia, puesto que no se puede subsistir sin agua ni comida.<\/span><\/p>\n<div>\n<div id=\"content-body-225-12077157\">\n<p><span style=\"font-size: 14pt;\">Y ante la sequ\u00eda que afecta al territorio nacional la Secretar\u00eda de Agricultura y Desarrollo Rural y la iniciativa privada emprender\u00e1n\u00a0acciones coordinadas\u00a0tendientes a fortalecer al sector primario, con el uso de tecnolog\u00edas y mejores pr\u00e1cticas sostenibles, y que faciliten una mayor productividad en beneficio de los agricultores, de sus comunidades y de la seguridad alimentaria de la poblaci\u00f3n de M\u00e9xico.<\/span><\/p>\n<\/div>\n<\/div>\n<article>\n<div id=\"content-body-5851641-12077157\">\n<p><span style=\"font-size: 14pt;\">Bajo este esquema se impulsar\u00e1\u00a0la reducci\u00f3n en el consumo de agua\u00a0y cultivos m\u00e1s resilientes a sequ\u00edas y plagas y que utilicen menos fertilizantes e insumos en general, precis\u00f3 el secretario\u00a0V\u00edctor Villalobos Ar\u00e1mbula, al encabezar la firma de un convenio de concertaci\u00f3n con el Centro de Estudios del Sector Privado para el Desarrollo Sostenible (C\u00e9spedes), que cont\u00f3 con la participaci\u00f3n de representantes de las principales agroindustrias del pa\u00eds.<\/span><\/p>\n<div>\n<div>\n<div><\/div>\n<div id=\"teads1\"><span style=\"font-size: 14pt;\">El funcionario federal firm\u00f3 el citado convenio con el Centro de Estudios del Sector Privado para el Desarrollo Sostenible (Cespedes), en el que participar\u00e1n activamente las principales agroindustrias del pa\u00eds.<\/span><\/div>\n<\/div>\n<\/div>\n<p><span style=\"font-size: 14pt;\">Ah\u00ed afirm\u00f3 que el establecimiento de este tipo de alianzas p\u00fablico-privadas incentivan la productividad, generaci\u00f3n de empleos, entrada de divisas y mantienen la din\u00e1mica de crecimiento y desarrollo econ\u00f3mico del pa\u00eds.<\/span><\/p>\n<p><span style=\"font-size: 14pt;\">El director ejecutivo del Consejo Coordinador Empresarial (CCE),\u00a0Jorge Alberto Juraidini Rumilla, afirm\u00f3 que la alianza establecida constituye una colaboraci\u00f3n importante en favor del campo, bajo una din\u00e1mica de di\u00e1logo permanente y proactivo.<\/span><\/p>\n<p><span style=\"font-size: 14pt;\">Dar\u00e1n especial cuidado a una agricultura sustentable<\/span><\/p>\n<p><span style=\"font-size: 14pt;\">Con el trabajo de ambas instancias incentivaremos la agricultura regenerativa,\u00a0con un enfoque sist\u00e9mico y de cuenca, a trav\u00e9s de la restauraci\u00f3n de los suelos degradados y el manejo y\u00a0aprovechamiento sostenible del suelo y del agua, as\u00ed como de los polinizadores, entre muchos otros, que claramente inciden en un manejo de la agricultura mucho m\u00e1s sustentable, detall\u00f3.<\/span><\/p>\n<p><span style=\"font-size: 14pt;\">Asimismo, indic\u00f3, se fortalecer\u00e1 la\u00a0tecnificaci\u00f3n de riego y el uso eficiente del agua y se promover\u00e1 la medici\u00f3n de la huella h\u00eddrica\u00a0que este gobierno ha venido implementando, esquema que representa un cambio en la concepci\u00f3n en el incremento de la productividad, toda vez que el tradicional se sustenta en la producci\u00f3n de toneladas por hect\u00e1rea y el nuevo considera como prioritario la cantidad de agua que se necesita para producir esa tonelada.<\/span><\/p>\n<p><span style=\"font-size: 14pt;\">Promoveremos, adem\u00e1s, la capacitaci\u00f3n de los peque\u00f1os agricultores, para la aplicaci\u00f3n de pr\u00e1cticas alternativas de manejo de los sistemas de cultivo, y en estrategias para disminuir los desperdicios de alimentos en el pa\u00eds, afirm\u00f3 el titular de la Secretar\u00eda de Agricultura.<\/span><\/p>\n<p><span style=\"font-size: 14pt;\">Luchar\u00e1n contra el cambio clim\u00e1tico<\/span><\/p>\n<p><span style=\"font-size: 14pt;\">Villalobos Ar\u00e1mbula subray\u00f3 que de manera coordinada tambi\u00e9n se trabajar\u00e1 en la lucha contra el cambio clim\u00e1tico, a trav\u00e9s de acciones que reduzcan las emisiones, que midan la huella de carbono y que incrementen la resiliencia del sector agroalimentario.<\/span><\/p>\n<p><span style=\"font-size: 14pt;\">El coordinador general de Agricultura,\u00a0Santiago Arguello Campos, confi\u00f3 en que el convenio brindar\u00e1 herramientas eficientes a todos los eslabones de la cadena productiva para\u00a0mitigar los efectos del cambio clim\u00e1tico\u00a0y contar con una agricultura m\u00e1s resiliente y adaptada a este fen\u00f3meno global.<\/span><\/p>\n<p><span style=\"font-size: 14pt;\">La directora general de Pol\u00edticas, Prospecci\u00f3n y Cambio Clim\u00e1tico de Agricultura,\u00a0Sol Ortiz Garc\u00eda, record\u00f3 que en agosto de 2023 se realiz\u00f3 un taller de intercambio de conocimientos para afianzar esta sinergia y sentar las bases de colaboraci\u00f3n, mediante este instrumento jur\u00eddico, pues las acciones en materia de sustentabilidad van de la mano con las iniciativas del Gobierno de M\u00e9xico.<\/span><\/p>\n<p><span style=\"font-size: 14pt;\">Con este esfuerzo se impulsa la sustentabilidad, la productividad y la inclusi\u00f3n en el sector primario y se atienden los tratados internacionales establecidos con la Organizaci\u00f3n de las Naciones Unidas para la Alimentaci\u00f3n y la Agricultura (FAO), la Alianza Mundial por el Suelo y la Convenci\u00f3n Marco de las Naciones Unidas sobre el Cambio Clim\u00e1tico, entre otras.<\/span><\/p>\n<div>\n<div>\n<div><span style=\"font-size: 14pt;\">Sector agroalimentario tambi\u00e9n ser\u00e1 parte de la iniciativa<\/span><\/div>\n<div><span style=\"font-size: 14pt;\">La SADER y la iniciativa privada emprender\u00e1n acciones coordinadas tendientes a fortalecer al sector primario, con el uso de tecnolog\u00edas y mejores pr\u00e1cticas sostenibles, y que faciliten una mayor productividad en beneficio de los agricultores, de sus comunidades y de la\u00a0seguridad alimentaria de la poblaci\u00f3n de M\u00e9xico.<\/span><\/div>\n<\/div>\n<\/div>\n<p><span style=\"font-size: 14pt;\">Bajo este esquema se impulsar\u00e1 la reducci\u00f3n en el consumo de agua y cultivos m\u00e1s resilientes a sequ\u00edas y plagas y que utilicen menos fertilizantes e insumos en general, inform\u00f3 el secretario V\u00edctor Villalobos Ar\u00e1mbula al presidir la firma de un convenio de concertaci\u00f3n con el Centro de Estudios del Sector Privado para el Desarrollo Sostenible (C\u00e9spedes), que cont\u00f3 con la participaci\u00f3n de representantes de las principales agroindustrias del pa\u00eds.<\/span><\/p>\n<p><span style=\"font-size: 14pt;\">Record\u00f3 que entre las funciones del Centro de Estudios est\u00e1 el an\u00e1lisis de los procesos industriales agroalimentarios, estudios del impacto del cambio clim\u00e1tico, seguimiento a las cadenas productivas y manejo sostenible del recurso agua y agrobiodiversidad, as\u00ed como\u00a0la producci\u00f3n de m\u00e1s con menos agua, uso de suelo y mejorar nutrici\u00f3n.<\/span><\/p>\n<p><span style=\"font-size: 14pt;\">Por ello, a\u00f1adi\u00f3, el tema de seguridad alimentaria es sustancial, puesto que no se puede subsistir sin agua ni comida y, en ese escenario, el manejo responsable del l\u00edquido vital recae en el gobierno y en toda la cadena de valor.<\/span><\/p>\n<p><span style=\"font-size: 14pt;\">Las empresas participantes (Grupo Alpura, BASF, Bayer, Bimbo, Modelo, Heineken, Lala, Pepsico, Syngenta y Walmart) trabajan para hacer frente a esta problem\u00e1ticas e incluso las industrias cerveceras y refresqueras son de las m\u00e1s responsables del mundo, afirm\u00f3.<\/span><\/p>\n<p><span style=\"font-size: 14pt;\">El director ejecutivo del Consejo Coordinador Empresarial (CCE), Jorge Alberto Juraidini Rumilla, enfatiz\u00f3 la relevancia de la participaci\u00f3n de los representantes de la agroindustria para formalizar el convenio.<\/span><\/p>\n<\/div>\n<\/article>\n","protected":false},"excerpt":{"rendered":"<p>Urge dar prioridad al tema de la seguridad alimentaria ya que es de vital importancia, puesto que no se puede<\/p>\n","protected":false},"author":4,"featured_media":33721,"comment_status":"closed","ping_status":"closed","sticky":false,"template":"","format":"standard","meta":{"colormag_page_container_layout":"default_layout","colormag_page_sidebar_layout":"default_layout","_jetpack_memberships_contains_paid_content":false,"footnotes":"","jetpack_publicize_message":"","jetpack_publicize_feature_enabled":true,"jetpack_social_post_already_shared":true,"jetpack_social_options":{"image_generator_settings":{"template":"highway","default_image_id":0,"font":"","enabled":false},"version":2}},"categories":[4],"tags":[430],"class_list":["post-33720","post","type-post","status-publish","format-standard","has-post-thumbnail","hentry","category-nacional","tag-sequia"],"jetpack_publicize_connections":[],"jetpack_featured_media_url":"https:\/\/noticiasveracruz.com\/wp-content\/uploads\/2024\/06\/Cuidar-los-boques-ayuda-a-abastecer-de-agua-ante-graves-sequias-en-Mexico.jpg","jetpack_sharing_enabled":true,"publishpress_future_action":{"enabled":false,"date":"2026-05-08 04:36:27","action":"change-status","newStatus":"draft","terms":[],"taxonomy":"category","extraData":[]},"publishpress_future_workflow_manual_trigger":{"enabledWorkflows":[]},"_links":{"self":[{"href":"https:\/\/noticiasveracruz.com\/index.php\/wp-json\/wp\/v2\/posts\/33720","targetHints":{"allow":["GET"]}}],"collection":[{"href":"https:\/\/noticiasveracruz.com\/index.php\/wp-json\/wp\/v2\/posts"}],"about":[{"href":"https:\/\/noticiasveracruz.com\/index.php\/wp-json\/wp\/v2\/types\/post"}],"author":[{"embeddable":true,"href":"https:\/\/noticiasveracruz.com\/index.php\/wp-json\/wp\/v2\/users\/4"}],"replies":[{"embeddable":true,"href":"https:\/\/noticiasveracruz.com\/index.php\/wp-json\/wp\/v2\/comments?post=33720"}],"version-history":[{"count":0,"href":"https:\/\/noticiasveracruz.com\/index.php\/wp-json\/wp\/v2\/posts\/33720\/revisions"}],"wp:featuredmedia":[{"embeddable":true,"href":"https:\/\/noticiasveracruz.com\/index.php\/wp-json\/wp\/v2\/media\/33721"}],"wp:attachment":[{"href":"https:\/\/noticiasveracruz.com\/index.php\/wp-json\/wp\/v2\/media?parent=33720"}],"wp:term":[{"taxonomy":"category","embeddable":true,"href":"https:\/\/noticiasveracruz.com\/index.php\/wp-json\/wp\/v2\/categories?post=33720"},{"taxonomy":"post_tag","embeddable":true,"href":"https:\/\/noticiasveracruz.com\/index.php\/wp-json\/wp\/v2\/tags?post=33720"}],"curies":[{"name":"wp","href":"https:\/\/api.w.org\/{rel}","templated":true}]}}