{"id":33715,"date":"2024-06-12T11:03:35","date_gmt":"2024-06-12T16:03:35","guid":{"rendered":"https:\/\/noticiasveracruz.com\/?p=33715"},"modified":"2024-06-12T11:03:35","modified_gmt":"2024-06-12T16:03:35","slug":"las-casas-de-infonavit-tienen-seguro-en-caso-de-inundaciones-o-desastres-naturales","status":"publish","type":"post","link":"https:\/\/noticiasveracruz.com\/index.php\/2024\/06\/12\/las-casas-de-infonavit-tienen-seguro-en-caso-de-inundaciones-o-desastres-naturales\/","title":{"rendered":"\u00bfLas casas de Infonavit tienen seguro en caso de inundaciones o desastres naturales?"},"content":{"rendered":"<p><span style=\"font-size: 14pt;\">Las viviendas\u00a0que se adquieren a trav\u00e9s de un cr\u00e9dito de Infonavit tiene un seguro de desastres naturales que cubre ante un da\u00f1o parcial o total de tu casa.\u00a0<\/span><\/p>\n<p><span style=\"font-size: 14pt;\">Lo anterior fue confirmado por Erik Porres Blesa, delegado regional del Infonavit en Veracruz, quien a\u00f1adi\u00f3 que no solamente se cubren lluvias, tambi\u00e9n desbordamiento de r\u00edos o por un hurac\u00e1n.<\/span><\/p>\n<p><span style=\"font-size: 14pt;\">\u00abAqu\u00ed est\u00e1s cubierto ante un desastre parcial o ante un desastre total, es decir, un terremoto (&#8230;) o una gran inundaci\u00f3n, tu casa queda inservible, un hurac\u00e1n, tu casa \u00a0queda inservible, pues tienes la cobertura del cien por ciento en tu casa o por un peque\u00f1a inundaci\u00f3n que se lastime una parte de la casa o se cae una barda en un terremoto, en temblor pues tambi\u00e9n est\u00e1s cubierto\u00bb.\u00a0<\/span><\/p>\n<p><span style=\"font-size: 14pt;\">Destac\u00f3 que Veracruz es uno de los estados que m\u00e1s declaratorias de emergencia por desastres naturales tiene desde que se instaur\u00f3 este sistema en M\u00e9xico, por lo que es bueno adquirir un cr\u00e9dito a trav\u00e9s de Infonavit porque se cubre este tipo de afectaciones.\u00a0<\/span><\/p>\n","protected":false},"excerpt":{"rendered":"<p>Las viviendas\u00a0que se adquieren a trav\u00e9s de un cr\u00e9dito de Infonavit tiene un seguro de desastres naturales que cubre ante<\/p>\n","protected":false},"author":4,"featured_media":33716,"comment_status":"closed","ping_status":"closed","sticky":false,"template":"","format":"standard","meta":{"colormag_page_container_layout":"default_layout","colormag_page_sidebar_layout":"default_layout","_jetpack_memberships_contains_paid_content":false,"footnotes":"","jetpack_publicize_message":"","jetpack_publicize_feature_enabled":true,"jetpack_social_post_already_shared":true,"jetpack_social_options":{"image_generator_settings":{"template":"highway","default_image_id":0,"font":"","enabled":false},"version":2}},"categories":[356],"tags":[],"class_list":["post-33715","post","type-post","status-publish","format-standard","has-post-thumbnail","hentry","category-veracruz"],"jetpack_publicize_connections":[],"jetpack_featured_media_url":"https:\/\/noticiasveracruz.com\/wp-content\/uploads\/2024\/06\/5cb200bfa5e937182cef9dcde7d9e3c2.jpg","jetpack_sharing_enabled":true,"publishpress_future_action":{"enabled":false,"date":"2026-05-08 06:17:57","action":"change-status","newStatus":"draft","terms":[],"taxonomy":"category","extraData":[]},"publishpress_future_workflow_manual_trigger":{"enabledWorkflows":[]},"_links":{"self":[{"href":"https:\/\/noticiasveracruz.com\/index.php\/wp-json\/wp\/v2\/posts\/33715","targetHints":{"allow":["GET"]}}],"collection":[{"href":"https:\/\/noticiasveracruz.com\/index.php\/wp-json\/wp\/v2\/posts"}],"about":[{"href":"https:\/\/noticiasveracruz.com\/index.php\/wp-json\/wp\/v2\/types\/post"}],"author":[{"embeddable":true,"href":"https:\/\/noticiasveracruz.com\/index.php\/wp-json\/wp\/v2\/users\/4"}],"replies":[{"embeddable":true,"href":"https:\/\/noticiasveracruz.com\/index.php\/wp-json\/wp\/v2\/comments?post=33715"}],"version-history":[{"count":0,"href":"https:\/\/noticiasveracruz.com\/index.php\/wp-json\/wp\/v2\/posts\/33715\/revisions"}],"wp:featuredmedia":[{"embeddable":true,"href":"https:\/\/noticiasveracruz.com\/index.php\/wp-json\/wp\/v2\/media\/33716"}],"wp:attachment":[{"href":"https:\/\/noticiasveracruz.com\/index.php\/wp-json\/wp\/v2\/media?parent=33715"}],"wp:term":[{"taxonomy":"category","embeddable":true,"href":"https:\/\/noticiasveracruz.com\/index.php\/wp-json\/wp\/v2\/categories?post=33715"},{"taxonomy":"post_tag","embeddable":true,"href":"https:\/\/noticiasveracruz.com\/index.php\/wp-json\/wp\/v2\/tags?post=33715"}],"curies":[{"name":"wp","href":"https:\/\/api.w.org\/{rel}","templated":true}]}}