{"id":3357,"date":"2022-04-20T06:49:55","date_gmt":"2022-04-20T11:49:55","guid":{"rendered":"https:\/\/noticiasveracruz.com\/?p=3357"},"modified":"2022-04-20T06:49:55","modified_gmt":"2022-04-20T11:49:55","slug":"preparan-regreso-obligatorio-a-clases-presenciales","status":"publish","type":"post","link":"https:\/\/noticiasveracruz.com\/index.php\/2022\/04\/20\/preparan-regreso-obligatorio-a-clases-presenciales\/","title":{"rendered":"Preparan regreso obligatorio a clases presenciales"},"content":{"rendered":"<p>&nbsp;<\/p>\n<p class=\"p1\"><strong><span style=\"font-size: 18pt;\">Por Jos\u00e9 Ure\u00f1a <\/span><\/strong><\/p>\n<p class=\"p1\">Las clases presenciales volver\u00e1n a ser obligatorias.<\/p>\n<p class=\"p1\">El plan de la SEP de\u00a0<b>Delfina G\u00f3mez\u00a0<\/b>es forzarla para el lunes 25 de abril, a dos a\u00f1os y un mes del cierre ordenado por su antecesor\u00a0<b>Esteban Moctezuma<\/b>.<\/p>\n<p class=\"p1\">Sin embargo, todav\u00eda hay resistencias.<\/p>\n<p class=\"p1\">En especial en lugares y planteles donde se han registrado contagios infantiles de Covid, cuyo n\u00famero real se oculta.<\/p>\n<p class=\"p1\">Algunos especialistas, como el doctor\u00a0<b>Francisco Moreno<\/b>, hablan de cifras considerables e inclusive de al menos un centenar de ni\u00f1os muertos.<\/p>\n<p class=\"p1\">A esta disposici\u00f3n deber\u00e1n sumarse los sistemas estatales, nada dif\u00edcil porque varios gobernadores ya lo asumieron para dar imagen de normalidad.<\/p>\n<p class=\"p1\">El plazo es muy breve para preparar el regreso, innecesario ante la cercan\u00eda del fin de cursos y en plenos preparativos para el D\u00eda del Ni\u00f1o.<\/p>\n<p class=\"p1\">Hay otro inconveniente: la mayor\u00eda de las aulas est\u00e1n cerradas, con escasa ventilaci\u00f3n y sin suficientes pupitres y eso generar\u00e1 hacinamientos.<\/p>\n<p class=\"p1\">Porque hasta ahora, en log\u00edstica encomiable, se han dividido los grupos para escalonar a los alumnos y de esa manera evitar contactos y contagios.<\/p>\n<p class=\"p1\">Ser\u00eda duplicar la asistencia sin tomar medidas de precauci\u00f3n.<\/p>\n<p>&nbsp;<\/p>\n<p class=\"p1\"><strong>SNTE: PRIMERO LA SALUD<\/strong><\/p>\n<p class=\"p1\">Hace falta, adem\u00e1s, la postura de los profesionales.<\/p>\n<p class=\"p1\">Todos, directores, maestros, personal administrativo y sindicalizado, tienen su opini\u00f3n y debe ser tomada en cuenta por las autoridades antes de decidir.<\/p>\n<p class=\"p1\">En eso est\u00e1 el SNTE de\u00a0<b>Alfonso Cepeda<\/b>,\u00a0como titular del contrato colectivo y cuya consigna es no poner en riesgo a m\u00e1s de mill\u00f3n y medio de agremiados, padres de familia y estudiantes.<\/p>\n<p class=\"p1\">Esa negociaci\u00f3n no excluye, por supuesto, al STE de\u00a0<b>Carlos Jonguitud\u00a0<\/b>ni a la Coordinadora, a la cual ha revivido la maestra\u00a0<b>Delfina G\u00f3mez<\/b>.<\/p>\n<p class=\"p1\">Cerraron las puertas de Palacio Nacional a la CNTE, pero\u00a0Delfina\u00a0los sent\u00f3 para conflictos espec\u00edficos como la exigencia violenta de plazas en Michoac\u00e1n.<\/p>\n<p class=\"p1\">Como sea, a fines de abril o en mayo la asistencia escolar de 25 millones de estudiantes podr\u00eda volver a las condiciones pre Covid.<\/p>\n<p class=\"p1\">Eso s\u00ed, seguir\u00e1n las clases por televisi\u00f3n, con\u00a0<b><i>Televisa<\/i><\/b>\u00a0como \u00fanico veh\u00edculo de ense\u00f1anza para casi ocho millones de ni\u00f1os y su programa\u00a0<b><i>Cuantrix<\/i><\/b>\u00a0para generarles igualdad de oportunidades en todo el pa\u00eds.<\/p>\n<p class=\"p1\">Una alternativa para quienes se nieguen a regresar a sus hijos o deseen ampliar los conocimientos adquiridos en las aulas.<\/p>\n<p>&nbsp;<\/p>\n<p class=\"p1\"><strong>ISSSTE: LA HOMEOPAT\u00cdA VA<\/strong><\/p>\n<p class=\"p1\">1.- En enero, cuando dio positivo a Covid el director del ISSSTE,\u00a0<b>Pedro Zenteno<\/b>, prometi\u00f3 tratarse con medicina homeop\u00e1tica.<\/p>\n<p class=\"p1\">Le llovieron cr\u00edticas, pero \u00e9l y al menos diez de sus colaboradores se contagiaron tambi\u00e9n y se atendieron con ese sistema terap\u00e9utico.<\/p>\n<p class=\"p1\">Ante los buenos resultados,\u00a0<b>Zenteno\u00a0<\/b>prepara un congreso internacional sobre homeopat\u00eda con la participaci\u00f3n de m\u00e9dicos extranjeros, del IPN y de asociaciones nacionales.<\/p>\n<p class=\"p1\">Y 2.- Cu\u00e1nta sapiencia y deslealtad del senador\u00a0<b>Napole\u00f3n G\u00f3mez Urrutia,\u00a0<i>Napito<\/i><\/b>.<\/p>\n<p>&nbsp;<\/p>\n<p>&nbsp;<\/p>\n<p>&nbsp;<\/p>\n<p>&nbsp;<\/p>\n","protected":false},"excerpt":{"rendered":"<p>&nbsp; Por Jos\u00e9 Ure\u00f1a Las clases presenciales volver\u00e1n a ser obligatorias. El plan de la SEP de\u00a0Delfina G\u00f3mez\u00a0es forzarla para<\/p>\n","protected":false},"author":4,"featured_media":3258,"comment_status":"closed","ping_status":"closed","sticky":false,"template":"","format":"standard","meta":{"colormag_page_container_layout":"default_layout","colormag_page_sidebar_layout":"default_layout","_jetpack_memberships_contains_paid_content":false,"footnotes":"","jetpack_publicize_message":"","jetpack_publicize_feature_enabled":true,"jetpack_social_post_already_shared":false,"jetpack_social_options":{"image_generator_settings":{"template":"highway","default_image_id":0,"font":"","enabled":false},"version":2}},"categories":[6],"tags":[],"class_list":["post-3357","post","type-post","status-publish","format-standard","has-post-thumbnail","hentry","category-columnistas"],"jetpack_publicize_connections":[],"jetpack_featured_media_url":"https:\/\/noticiasveracruz.com\/wp-content\/uploads\/2022\/04\/JOSE\u0301-UREN\u0303A.png","jetpack_sharing_enabled":true,"publishpress_future_action":{"enabled":false,"date":"2026-05-07 12:13:14","action":"change-status","newStatus":"draft","terms":[],"taxonomy":"category","extraData":[]},"publishpress_future_workflow_manual_trigger":{"enabledWorkflows":[]},"_links":{"self":[{"href":"https:\/\/noticiasveracruz.com\/index.php\/wp-json\/wp\/v2\/posts\/3357","targetHints":{"allow":["GET"]}}],"collection":[{"href":"https:\/\/noticiasveracruz.com\/index.php\/wp-json\/wp\/v2\/posts"}],"about":[{"href":"https:\/\/noticiasveracruz.com\/index.php\/wp-json\/wp\/v2\/types\/post"}],"author":[{"embeddable":true,"href":"https:\/\/noticiasveracruz.com\/index.php\/wp-json\/wp\/v2\/users\/4"}],"replies":[{"embeddable":true,"href":"https:\/\/noticiasveracruz.com\/index.php\/wp-json\/wp\/v2\/comments?post=3357"}],"version-history":[{"count":0,"href":"https:\/\/noticiasveracruz.com\/index.php\/wp-json\/wp\/v2\/posts\/3357\/revisions"}],"wp:featuredmedia":[{"embeddable":true,"href":"https:\/\/noticiasveracruz.com\/index.php\/wp-json\/wp\/v2\/media\/3258"}],"wp:attachment":[{"href":"https:\/\/noticiasveracruz.com\/index.php\/wp-json\/wp\/v2\/media?parent=3357"}],"wp:term":[{"taxonomy":"category","embeddable":true,"href":"https:\/\/noticiasveracruz.com\/index.php\/wp-json\/wp\/v2\/categories?post=3357"},{"taxonomy":"post_tag","embeddable":true,"href":"https:\/\/noticiasveracruz.com\/index.php\/wp-json\/wp\/v2\/tags?post=3357"}],"curies":[{"name":"wp","href":"https:\/\/api.w.org\/{rel}","templated":true}]}}