{"id":3252,"date":"2022-04-17T14:49:35","date_gmt":"2022-04-17T19:49:35","guid":{"rendered":"https:\/\/noticiasveracruz.com\/?p=3252"},"modified":"2022-04-17T14:50:13","modified_gmt":"2022-04-17T19:50:13","slug":"bajo-control-incendio-en-refineria-de-salina-cruz-pemex","status":"publish","type":"post","link":"https:\/\/noticiasveracruz.com\/index.php\/2022\/04\/17\/bajo-control-incendio-en-refineria-de-salina-cruz-pemex\/","title":{"rendered":"Bajo control incendio en refiner\u00eda de Salina Cruz: Pemex"},"content":{"rendered":"<p>&nbsp;<\/p>\n<p><span style=\"font-size: 14pt;\"><em><strong>Ciudad de M\u00e9xico.<\/strong> <\/em>La paraestatal Pemex inform\u00f3 que hab\u00eda <strong>controlado un incendio en su refiner\u00eda Salina Cruz en Oaxaca sin que hubiera heridos en el personal.<\/strong><\/span><\/p>\n<p><span style=\"font-size: 14pt;\">El incendio, que comenz\u00f3 el viernes, hab\u00eda envuelto un tanque de almacenamiento de gasolina, enviando una densa columna de humo negro desde el interior de la refiner\u00eda.<\/span><\/p>\n<blockquote><p><span style=\"font-size: 14pt;\">Pemex dijo que los bomberos hab\u00edan \u00abconcluido los trabajos de sofocaci\u00f3n y enfriamiento\u00bb del tanque.<\/span><\/p>\n<p><img loading=\"lazy\" decoding=\"async\" class=\"aligncenter wp-image-3254 size-large\" src=\"http:\/\/noticiasveracruz.com\/wp-content\/uploads\/2022\/04\/P-PEMEX3-1024x573.png\" alt=\"\" width=\"800\" height=\"448\" srcset=\"https:\/\/noticiasveracruz.com\/wp-content\/uploads\/2022\/04\/P-PEMEX3-1024x573.png 1024w, https:\/\/noticiasveracruz.com\/wp-content\/uploads\/2022\/04\/P-PEMEX3-600x336.png 600w, https:\/\/noticiasveracruz.com\/wp-content\/uploads\/2022\/04\/P-PEMEX3-300x168.png 300w, https:\/\/noticiasveracruz.com\/wp-content\/uploads\/2022\/04\/P-PEMEX3-768x430.png 768w, https:\/\/noticiasveracruz.com\/wp-content\/uploads\/2022\/04\/P-PEMEX3-1536x859.png 1536w, https:\/\/noticiasveracruz.com\/wp-content\/uploads\/2022\/04\/P-PEMEX3.png 1816w\" sizes=\"auto, (max-width: 800px) 100vw, 800px\" \/><\/p><\/blockquote>\n<p>&nbsp;<\/p>\n<p><span style=\"font-size: 14pt;\">En agosto, la refiner\u00eda de Salina Cruz sufri\u00f3 otro incendio.<\/span><\/p>\n<p><strong><span style=\"font-size: 14pt;\">Salina Cruz tiene capacidad para procesar 330, 000 barriles diarios de crudo, seg\u00fan datos de Eikon Refinitiv.<\/span><\/strong><\/p>\n<p><span style=\"font-size: 14pt;\">En noviembre, se desat\u00f3 otro incendio en un complejo de refiner\u00eda de Pemex en el norte de M\u00e9xico, pero fue\u00a0controlado sin que se produjeran heridos en el personal ni interrupci\u00f3n de la producci\u00f3n.<\/span><\/p>\n<p>&nbsp;<\/p>\n<p><strong><span style=\"font-size: 14pt;\">Informaci\u00f3n: Reuters<\/span><\/strong><\/p>\n<p>&nbsp;<\/p>\n<p>&nbsp;<\/p>\n<p>&nbsp;<\/p>\n","protected":false},"excerpt":{"rendered":"<p>&nbsp; Ciudad de M\u00e9xico. La paraestatal Pemex inform\u00f3 que hab\u00eda controlado un incendio en su refiner\u00eda Salina Cruz en Oaxaca<\/p>\n","protected":false},"author":4,"featured_media":3253,"comment_status":"closed","ping_status":"closed","sticky":false,"template":"","format":"standard","meta":{"colormag_page_container_layout":"default_layout","colormag_page_sidebar_layout":"default_layout","_jetpack_memberships_contains_paid_content":false,"footnotes":"","jetpack_publicize_message":"","jetpack_publicize_feature_enabled":true,"jetpack_social_post_already_shared":false,"jetpack_social_options":{"image_generator_settings":{"template":"highway","default_image_id":0,"font":"","enabled":false},"version":2}},"categories":[145],"tags":[199,244,90],"class_list":["post-3252","post","type-post","status-publish","format-standard","has-post-thumbnail","hentry","category-estados","tag-incendio","tag-oaxaca","tag-pemex"],"jetpack_publicize_connections":[],"jetpack_featured_media_url":"https:\/\/noticiasveracruz.com\/wp-content\/uploads\/2022\/04\/P-PEMEX1.png","jetpack_sharing_enabled":true,"publishpress_future_action":{"enabled":false,"date":"2026-05-08 02:27:06","action":"change-status","newStatus":"draft","terms":[],"taxonomy":"category","extraData":[]},"publishpress_future_workflow_manual_trigger":{"enabledWorkflows":[]},"_links":{"self":[{"href":"https:\/\/noticiasveracruz.com\/index.php\/wp-json\/wp\/v2\/posts\/3252","targetHints":{"allow":["GET"]}}],"collection":[{"href":"https:\/\/noticiasveracruz.com\/index.php\/wp-json\/wp\/v2\/posts"}],"about":[{"href":"https:\/\/noticiasveracruz.com\/index.php\/wp-json\/wp\/v2\/types\/post"}],"author":[{"embeddable":true,"href":"https:\/\/noticiasveracruz.com\/index.php\/wp-json\/wp\/v2\/users\/4"}],"replies":[{"embeddable":true,"href":"https:\/\/noticiasveracruz.com\/index.php\/wp-json\/wp\/v2\/comments?post=3252"}],"version-history":[{"count":0,"href":"https:\/\/noticiasveracruz.com\/index.php\/wp-json\/wp\/v2\/posts\/3252\/revisions"}],"wp:featuredmedia":[{"embeddable":true,"href":"https:\/\/noticiasveracruz.com\/index.php\/wp-json\/wp\/v2\/media\/3253"}],"wp:attachment":[{"href":"https:\/\/noticiasveracruz.com\/index.php\/wp-json\/wp\/v2\/media?parent=3252"}],"wp:term":[{"taxonomy":"category","embeddable":true,"href":"https:\/\/noticiasveracruz.com\/index.php\/wp-json\/wp\/v2\/categories?post=3252"},{"taxonomy":"post_tag","embeddable":true,"href":"https:\/\/noticiasveracruz.com\/index.php\/wp-json\/wp\/v2\/tags?post=3252"}],"curies":[{"name":"wp","href":"https:\/\/api.w.org\/{rel}","templated":true}]}}