{"id":3244,"date":"2022-04-17T14:16:37","date_gmt":"2022-04-17T19:16:37","guid":{"rendered":"https:\/\/noticiasveracruz.com\/?p=3244"},"modified":"2022-04-17T14:26:04","modified_gmt":"2022-04-17T19:26:04","slug":"halla-conanp-13-metros-de-tala-en-cofre-de-perote","status":"publish","type":"post","link":"https:\/\/noticiasveracruz.com\/index.php\/2022\/04\/17\/halla-conanp-13-metros-de-tala-en-cofre-de-perote\/","title":{"rendered":"Halla Conanp 13 metros de tala en Cofre de Perote"},"content":{"rendered":"<p>&nbsp;<\/p>\n<p><span style=\"font-size: 14pt;\"><em><strong>Perote, Veracruz.<\/strong> <\/em><strong>Sin detenidos hasta el momento<\/strong>, la polic\u00eda estatal, junto con la Comisi\u00f3n Nacional de \u00c1reas Naturales Protegidas, <strong>aseguraron 13 metros c\u00fabicos de madera<\/strong>, producto de la <strong>tala clandestina en el Cofre de Perote<\/strong>, encontrados en el Parque Nacional del Cofre de Perote.<\/span><\/p>\n<blockquote>\n<p class=\"p1\"><span style=\"font-size: 14pt;\">La Secretar\u00eda de Seguridad P\u00fablica estatal inform\u00f3 que aseguraron 13 metros c\u00fabicos de madera aserrada, en acciones desarrolladas en las localidades Tembladeras, Paso Panal y Carabinas, municipio de Xico, elementos de la Polic\u00eda estatal, de Fuerza Civil y personal de la Conanp, localizaron en caminos de terracer\u00eda y barrancas 16 vigas, 184 tablones y 303 duelas que estaban ocultas, procediendo al aseguramiento de la madera, cuyo valor comercial es superior a los 150 mil pesos, para ponerla a disposici\u00f3n de la autoridad correspondiente.<\/span><\/p>\n<\/blockquote>\n<p class=\"p1\"><span style=\"font-size: 14pt;\"><strong>Los operativos forman parte de las acciones que se realizan para erradicar la tala clandestina, el transporte, la transformaci\u00f3n, el almacenamiento y la comercializaci\u00f3n ilegal de madera.<\/strong> En estas acciones pocas veces hay detenidos o s\u00f3lo se encuentra el velador.<\/span><\/p>\n<p>&nbsp;<\/p>\n","protected":false},"excerpt":{"rendered":"<p>&nbsp; Perote, Veracruz. Sin detenidos hasta el momento, la polic\u00eda estatal, junto con la Comisi\u00f3n Nacional de \u00c1reas Naturales Protegidas,<\/p>\n","protected":false},"author":4,"featured_media":3246,"comment_status":"closed","ping_status":"closed","sticky":false,"template":"","format":"standard","meta":{"colormag_page_container_layout":"default_layout","colormag_page_sidebar_layout":"default_layout","_jetpack_memberships_contains_paid_content":false,"footnotes":"","jetpack_publicize_message":"","jetpack_publicize_feature_enabled":true,"jetpack_social_post_already_shared":false,"jetpack_social_options":{"image_generator_settings":{"template":"highway","default_image_id":0,"font":"","enabled":false},"version":2}},"categories":[356],"tags":[376,374,377,375],"class_list":["post-3244","post","type-post","status-publish","format-standard","has-post-thumbnail","hentry","category-veracruz","tag-clandestina","tag-cofre-de-perote","tag-conanp","tag-tala"],"jetpack_publicize_connections":[],"jetpack_featured_media_url":"https:\/\/noticiasveracruz.com\/wp-content\/uploads\/2022\/04\/P-TALA.png","jetpack_sharing_enabled":true,"publishpress_future_action":{"enabled":false,"date":"2026-05-07 22:09:47","action":"change-status","newStatus":"draft","terms":[],"taxonomy":"category","extraData":[]},"publishpress_future_workflow_manual_trigger":{"enabledWorkflows":[]},"_links":{"self":[{"href":"https:\/\/noticiasveracruz.com\/index.php\/wp-json\/wp\/v2\/posts\/3244","targetHints":{"allow":["GET"]}}],"collection":[{"href":"https:\/\/noticiasveracruz.com\/index.php\/wp-json\/wp\/v2\/posts"}],"about":[{"href":"https:\/\/noticiasveracruz.com\/index.php\/wp-json\/wp\/v2\/types\/post"}],"author":[{"embeddable":true,"href":"https:\/\/noticiasveracruz.com\/index.php\/wp-json\/wp\/v2\/users\/4"}],"replies":[{"embeddable":true,"href":"https:\/\/noticiasveracruz.com\/index.php\/wp-json\/wp\/v2\/comments?post=3244"}],"version-history":[{"count":0,"href":"https:\/\/noticiasveracruz.com\/index.php\/wp-json\/wp\/v2\/posts\/3244\/revisions"}],"wp:featuredmedia":[{"embeddable":true,"href":"https:\/\/noticiasveracruz.com\/index.php\/wp-json\/wp\/v2\/media\/3246"}],"wp:attachment":[{"href":"https:\/\/noticiasveracruz.com\/index.php\/wp-json\/wp\/v2\/media?parent=3244"}],"wp:term":[{"taxonomy":"category","embeddable":true,"href":"https:\/\/noticiasveracruz.com\/index.php\/wp-json\/wp\/v2\/categories?post=3244"},{"taxonomy":"post_tag","embeddable":true,"href":"https:\/\/noticiasveracruz.com\/index.php\/wp-json\/wp\/v2\/tags?post=3244"}],"curies":[{"name":"wp","href":"https:\/\/api.w.org\/{rel}","templated":true}]}}