{"id":32404,"date":"2024-05-27T01:54:10","date_gmt":"2024-05-27T06:54:10","guid":{"rendered":"https:\/\/noticiasveracruz.com\/?p=32404"},"modified":"2024-05-27T01:54:10","modified_gmt":"2024-05-27T06:54:10","slug":"procesos-logisticos-clave-para-impulsar-exportaciones-canacintra","status":"publish","type":"post","link":"https:\/\/noticiasveracruz.com\/index.php\/2024\/05\/27\/procesos-logisticos-clave-para-impulsar-exportaciones-canacintra\/","title":{"rendered":"Procesos log\u00edsticos, clave para impulsar exportaciones: Canacintra"},"content":{"rendered":"<p><span style=\"font-size: 14pt;\"><em><strong>El organismo lleva un a\u00f1o trabajando en el diagn\u00f3stico para detectar a empresas con alto potencial de exportaci\u00f3n, que deben tener altos vol\u00famenes para hacer negocio.<\/strong><\/em><\/span><\/p>\n<p><span style=\"font-size: 14pt;\">Las empresas en Puebla se pueden blindar con el Tratado del Libre Comercio entre M\u00e9xico, Estados Unidos y Canad\u00e1 (T-MEC) para buscar incorporarse a las cadenas globales de valor, pero a la par deben valorar otros mercados m\u00e1s flexibles, puntualiz\u00f3 el presidente local de la C\u00e1mara Nacional de la Industria de Transformaci\u00f3n (Canacintra), Carlos Sosa Sp\u00ednola<\/span><\/p>\n<p><span style=\"font-size: 14pt;\">No obstante, consider\u00f3 que deben mejorarse los procesos log\u00edsticos, que van desde la presentaci\u00f3n del producto hasta esquemas de comercio y digitalizaci\u00f3n.<\/span><\/p>\n<p><span style=\"font-size: 14pt;\">Record\u00f3 que llevan un a\u00f1o trabajando en el diagn\u00f3stico para detectar a empresas con alto potencial de exportaci\u00f3n, que deben tener altos vol\u00famenes para hacer negocio, sobre todo por las medidas que impone sobre todo el pa\u00eds vecino del norte.<\/span><\/p>\n<p><span style=\"font-size: 14pt;\">\u201cDeben enfocarse en la digitalizaci\u00f3n de procesos productivos, generar accesibilidad a su informaci\u00f3n y buscar financiamientos para fortalecerse, porque s\u00f3lo les falta maquinaria para aumentar su capacidad productiva\u201d, ahond\u00f3.<\/span><\/p>\n<p><span style=\"font-size: 14pt;\">Potencial<\/span><br \/>\n<span style=\"font-size: 14pt;\">Carlos Sosa puntualiz\u00f3 que las empresas poblanas que mejor se apeguen a lo que se requiere para exportar podr\u00e1n tener un camino m\u00e1s firme para estar en el comercio exterior.<\/span><\/p>\n<p><span style=\"font-size: 14pt;\">Canacintra tiene ubicadas al menos 200 empresas con esa calidad en productos para exportar, de las que 100 podr\u00edan hacerlo si cumplen con los requisitos.<\/span><\/p>\n<p><span style=\"font-size: 14pt;\">Sosa Sp\u00ednola coment\u00f3 que a las empresas exportadoras de Puebla llev\u00f3 dos a\u00f1os recuperar su nivel de exportaci\u00f3n tras la pandemia por Covid-19 y ahora buscan aumentarla 30 por ciento.<\/span><\/p>\n<p><span style=\"font-size: 14pt;\">Desde el organismo, dijo, contribuir\u00e1n en apoyar a las empresas que quieran incursionar en otros mercados espec\u00edficos, donde no hab\u00eda muchas opciones y que ahora est\u00e1n abiertos, por ejemplo, en el tema textil, donde hay alta demanda de mezclilla, telares y fibras.<\/span><\/p>\n<p><span style=\"font-size: 14pt;\">Incluso, hay f\u00e1bricas textiles con ventas anuales hasta de 1 mill\u00f3n de d\u00f3lares, las cuales son de las regiones de Teziutl\u00e1n y Tehuac\u00e1n, as\u00ed como del valle de San Mart\u00edn Texmelucan-Huejotzingo y de la regi\u00f3n de Atlixco.<\/span><\/p>\n<p><span style=\"font-size: 14pt;\">No obstante, el presidente local del organismo reconoci\u00f3 que el problema de las poblanas que exportan es su constancia, pues hacen esa actividad uno o dos a\u00f1os y despu\u00e9s lo dejan, a pesar de que tienen \u00e9xito.<\/span><\/p>\n","protected":false},"excerpt":{"rendered":"<p>El organismo lleva un a\u00f1o trabajando en el diagn\u00f3stico para detectar a empresas con alto potencial de exportaci\u00f3n, que deben tener altos vol\u00famenes para hacer negocio. Las empresas en Puebla se pueden blindar con el Tratado del Libre Comercio entre M\u00e9xico, Estados Unidos y Canad\u00e1 (T-MEC) para buscar incorporarse a las cadenas globales de valor, [&hellip;]<\/p>\n","protected":false},"author":4,"featured_media":32405,"comment_status":"closed","ping_status":"closed","sticky":false,"template":"","format":"standard","meta":{"_jetpack_newsletter_access":"","_jetpack_dont_email_post_to_subs":false,"_jetpack_newsletter_tier_id":0,"_jetpack_memberships_contains_paywalled_content":false,"_jetpack_feature_clip_id":0,"_jetpack_memberships_contains_paid_content":false,"footnotes":"","jetpack_publicize_message":"","jetpack_publicize_feature_enabled":true,"jetpack_social_post_already_shared":true,"jetpack_social_options":{"image_generator_settings":{"template":"highway","default_image_id":0,"font":"","enabled":false},"version":2},"jetpack_post_was_ever_published":false},"categories":[145],"tags":[],"class_list":["post-32404","post","type-post","status-publish","format-standard","has-post-thumbnail","hentry","category-estados"],"jetpack_publicize_connections":[],"jetpack_sharing_enabled":true,"publishpress_future_action":{"enabled":false,"date":"2026-09-08 20:03:47","action":"change-status","newStatus":"draft","terms":[],"taxonomy":"category","extraData":[]},"publishpress_future_workflow_manual_trigger":{"enabledWorkflows":[]},"jetpack_featured_media_url":"https:\/\/noticiasveracruz.com\/wp-content\/uploads\/2024\/05\/canacintra-presidencia.jpg","_links":{"self":[{"href":"https:\/\/noticiasveracruz.com\/index.php\/wp-json\/wp\/v2\/posts\/32404","targetHints":{"allow":["GET"]}}],"collection":[{"href":"https:\/\/noticiasveracruz.com\/index.php\/wp-json\/wp\/v2\/posts"}],"about":[{"href":"https:\/\/noticiasveracruz.com\/index.php\/wp-json\/wp\/v2\/types\/post"}],"author":[{"embeddable":true,"href":"https:\/\/noticiasveracruz.com\/index.php\/wp-json\/wp\/v2\/users\/4"}],"replies":[{"embeddable":true,"href":"https:\/\/noticiasveracruz.com\/index.php\/wp-json\/wp\/v2\/comments?post=32404"}],"version-history":[{"count":0,"href":"https:\/\/noticiasveracruz.com\/index.php\/wp-json\/wp\/v2\/posts\/32404\/revisions"}],"wp:featuredmedia":[{"embeddable":true,"href":"https:\/\/noticiasveracruz.com\/index.php\/wp-json\/wp\/v2\/media\/32405"}],"wp:attachment":[{"href":"https:\/\/noticiasveracruz.com\/index.php\/wp-json\/wp\/v2\/media?parent=32404"}],"wp:term":[{"taxonomy":"category","embeddable":true,"href":"https:\/\/noticiasveracruz.com\/index.php\/wp-json\/wp\/v2\/categories?post=32404"},{"taxonomy":"post_tag","embeddable":true,"href":"https:\/\/noticiasveracruz.com\/index.php\/wp-json\/wp\/v2\/tags?post=32404"}],"curies":[{"name":"wp","href":"https:\/\/api.w.org\/{rel}","templated":true}]}}