{"id":3189,"date":"2022-04-16T17:54:09","date_gmt":"2022-04-16T22:54:09","guid":{"rendered":"https:\/\/noticiasveracruz.com\/?p=3189"},"modified":"2022-04-16T17:54:27","modified_gmt":"2022-04-16T22:54:27","slug":"el-voto-ignorado","status":"publish","type":"post","link":"https:\/\/noticiasveracruz.com\/index.php\/2022\/04\/16\/el-voto-ignorado\/","title":{"rendered":"El voto ignorado"},"content":{"rendered":"<p>&nbsp;<\/p>\n<p><strong><span style=\"font-size: 14pt;\">Por Ricardo Homs\u00a0<\/span><\/strong><\/p>\n<p class=\"p1\"><span style=\"font-size: 14pt;\">El voto m\u00e1s importante durante la consulta para revocaci\u00f3n de mandato\u2026\u00a1ha sido ignorado!<\/span><\/p>\n<p class=\"p1\"><span style=\"font-size: 14pt;\">No acudir a las urnas tambi\u00e9n fue una forma de dar una respuesta contundente y de rechazo durante esta consulta y quiz\u00e1, esta fue la m\u00e1s significativa. <\/span><\/p>\n<blockquote>\n<p class=\"p1\"><span style=\"font-size: 14pt;\">El ciudadano que manifest\u00f3 su opini\u00f3n a trav\u00e9s de su indiferencia y no acudi\u00f3 a la consulta fue m\u00e1s espont\u00e1neo que quienes acudieron a las urnas,-obligados unos y presionados otros-, por funcionarios p\u00fablicos locales.<\/span><\/p>\n<\/blockquote>\n<p class=\"p1\"><span style=\"font-size: 14pt;\">El bloque de asistentes a las casillas, conformado por personas de la tercera edad-,fue el m\u00e1s alto, seg\u00fan manifiestan quienes estuvieron ah\u00ed. Por ello siempre nos<\/span><\/p>\n<p class=\"p1\"><span style=\"font-size: 14pt;\">quedar\u00e1 la duda de cu\u00e1ntos de los que reciben la pensi\u00f3n del programa Bienestar acudieron presionados y amenazados de perder esta ayuda econ\u00f3mica sino acud\u00edan a las urnas. <\/span><\/p>\n<p class=\"p1\"><span style=\"font-size: 14pt;\">Seguramente algunos de los que forman parte del sector de la tercera edad participaron como agradecimiento a la pensi\u00f3n que reciben, sin entender que es dinero p\u00fablico derivado de los impuestos que pagan quienes a\u00fan est\u00e1n en el \u00e1mbito productivo y no un generoso obsequio de este gobierno.<\/span><\/p>\n<p class=\"p1\"><span style=\"font-size: 14pt;\">El mensaje del 82% de los mexicanos es claro. En un pa\u00eds acosado por la violencia,-en el cual continuamente desaparecen jovencitas y muchachos-, donde muchas carreteras y autopistas se han vuelto inseguras por asaltos, secuestros y desaparici\u00f3n esforzadas; donde las inversiones extranjeras disminuir\u00e1n como consecuencia de la falta de respeto a los contratos firmados por el Estado Mexicano con empresas generadoras de energ\u00eda, lo cual disminuir\u00e1 empleos -,trae una interpretaci\u00f3n clara.<\/span><\/p>\n<p class=\"p1\"><span style=\"font-size: 14pt;\">En este contexto la consulta para revocaci\u00f3n de mandato,-que consumi\u00f3 la atenci\u00f3n de gobernantes morenistas, que descuidaron sus obligaciones cotidianas frente a su comunidad -,ha sido interpretada por un sector mayoritario del padr\u00f3n electoral como un ejercicio fr\u00edvolo, cuyo \u00fanico objetivo fue satisfacer la vanidad de nuestro presidente.<\/span><\/p>\n<p class=\"p1\"><span style=\"font-size: 14pt;\">El mensaje mayoritario fue muy claro: los mexicanos queremos menos pol\u00edtica y m\u00e1s gobierno,-osea-,menos grilla y mejores resultados.<\/span><\/p>\n<p class=\"p1\"><span style=\"font-size: 14pt;\">La grilla cotidiana distrae a este gobierno de su verdadera responsabilidad, que es gobernar con eficiencia, compromiso y responsabilidad.<\/span><\/p>\n<p class=\"p1\"><span style=\"font-size: 14pt;\">Culpar a la reducci\u00f3n de casillas de la baj\u00edsima participaci\u00f3n ciudadana, es desfachatez. Cuando la gente est\u00e1 motivada, busca su casilla y hay que decirlo las que se instalaron estuvieron bien ubicadas y localizables.<\/span><\/p>\n<p class=\"p1\"><span style=\"font-size: 14pt;\">\u00bfY qu\u00e9 decir de toda la promoci\u00f3n ilegal de la consulta? MORENA,-as\u00ed como los municipios y gobiernos estatales bajo control de ese partido-, acosaron a los ciudadanos con carteleras exteriores de todos tama\u00f1os, ubicadas sobre calles, avenidas, edificios y carreteras, ignorando las regulaciones del INE, que qui\u00e9ranlo o no-, es la \u00fanica autoridad en el tema electoral, junto con el TEPJF.<\/span><\/p>\n<blockquote>\n<p class=\"p1\"><span style=\"font-size: 14pt;\">\u201cAMLO no est\u00e1 solo\u201d, fue el mensaje que tapiz\u00f3 nuestro territorio. A\u00fan as\u00ed, con este despliegue promocional, s\u00f3lo ocho de cada diez mexicanos preferimos dar nuestra respuesta absteni\u00e9ndonos de acudir a las urnas.<\/span><\/p>\n<\/blockquote>\n<p class=\"p1\"><span style=\"font-size: 14pt;\">Definitivamente este fue un ejercicio, en las condiciones actuales, caracterizadas por altos niveles de aceptaci\u00f3n del presidente-,innecesario y caro, cuya \u00fanica finalidad,-evidente-,fue confrontar al gobierno del presidente L\u00f3pez Obrador con el INE, para desgastarlo y culparlo de los resultados adversos.<\/span><\/p>\n<p class=\"p1\"><span style=\"font-size: 14pt;\">Y despu\u00e9s de exhibirlo como ineficiente y un estorbo para la democracia, desacredit\u00e1ndolo-, pretende preparar el terreno para la ofensiva final, que es la b\u00fasqueda del control de este organismo aut\u00f3nomo, que han presentado desde hace 30 a\u00f1os la oportunidad de la alternancia partidista, lo cual se opone a los planes autoritarios y centralistas de la 4T, que quisiera eternizarse en el poder, como ha sucedido con este tipo de gobiernos, que se han apoderado de Cuba, Venezuela, Nicaragua y Bolivia.<\/span><\/p>\n<p class=\"p1\"><span style=\"font-size: 14pt;\">Para quien quiera verlo, esta consulta sirvi\u00f3 para mostrar de cuerpo entero a la cuarta transformaci\u00f3n, que es el aut\u00e9ntico enemigo de nuestra democracia.<\/span><\/p>\n<p class=\"p1\"><span style=\"font-size: 14pt;\">Lo que M\u00e9xico quiere es menos grilla y mejores resultados de gobierno:\u00bfNo entienden el mensaje?<\/span><\/p>\n<p>&nbsp;<\/p>\n<p class=\"p1\"><strong><span style=\"font-size: 14pt;\">MORENA\u2026\u00bfPARTIDO POL\u00cdTICO?<\/span><\/strong><\/p>\n<p class=\"p1\"><span style=\"font-size: 14pt;\">Lo que cada vez queda m\u00e1s claro es que Morena como partido pol\u00edtico no existe, pues no tiene vida propia, ni agenda institucional-,m\u00e1s all\u00e1 de las prioridades que le marca directamente el presidente de la Rep\u00fablica.<\/span><\/p>\n<p class=\"p1\"><span style=\"font-size: 14pt;\">El presidente del partido, Mario Delgado, parece m\u00e1s el vocero suplente del presidente,-para llevar acabo el trabajo rudo que le asignan-, que el l\u00edder moral de un instituto pol\u00edtico que pretende trascender a este gobierno. El car\u00e1cter de pica pleitos que ha exhibido durante la promoci\u00f3n de la consulta para la revocaci\u00f3n de mandato dista mucho de representar un liderazgo dem\u00f3crata.<\/span><\/p>\n<blockquote>\n<p class=\"p1\"><span style=\"font-size: 14pt;\">Morena ha sido desde su fundaci\u00f3n y sigue siendo, la plataforma pol\u00edtica de apoyo al presidente.<\/span><\/p>\n<\/blockquote>\n<p class=\"p1\"><span style=\"font-size: 14pt;\">El car\u00e1cter rijoso de sus militantes y la carencia de disciplina institucional prev\u00e9n una crisis interna provocada por los inconformes que no reciban las candidaturas que esperan, despu\u00e9s del 2024, pues sus militantes lo consideran una agencia de colocaciones.<\/span><\/p>\n<p class=\"p1\"><span style=\"font-size: 14pt;\">S\u00f3lo que el presidente L\u00f3pez Obrador, en lugar de irse a su rancho a escribir sus memorias cuando termine sugesti\u00f3n, como ha anunciado-, se convierta en su l\u00edder moral, es que este partido sobrevivir\u00e1. Sin embargo, si esto sucede este partido refrendar\u00eda su vocaci\u00f3n como conglomerado de simpatizantes de Andr\u00e9s Manuel L\u00f3pez Obrador.<\/span><\/p>\n<p>&nbsp;<\/p>\n<p class=\"p1\"><span style=\"font-size: 18pt;\"><strong>\u00bfA usted qu\u00e9 le parece?<\/strong><\/span><\/p>\n<p>&nbsp;<\/p>\n<p class=\"p1\"><strong><span style=\"font-size: 14pt;\">Facebook:<a href=\"https:\/\/www.facebook.com\/Ricardo.Homs1\">@Ricardo.Homs1<\/a><\/span><\/strong><\/p>\n<p class=\"p1\"><strong><span style=\"font-size: 14pt;\">Twitter: <\/span><\/strong><a href=\"https:\/\/twitter.com\/homsricardo\"><strong><span style=\"font-size: 14pt;\">@homsricardo<\/span><\/strong><\/a><\/p>\n<p class=\"p1\"><strong><span style=\"font-size: 14pt;\">Linkedin: <a href=\"https:\/\/www.linkedin.com\/in\/ricardo-homs-3920449\/?originalSubdomain=mx\">RicardoHoms<\/a><\/span><\/strong><\/p>\n<p class=\"p1\"><a href=\"https:\/\/ricardohoms.com\/\"><strong><span style=\"font-size: 14pt;\">www.ricardohoms.com<\/span><\/strong><\/a><\/p>\n<p>&nbsp;<\/p>\n<p>&nbsp;<\/p>\n<p>&nbsp;<\/p>\n<p>&nbsp;<\/p>\n","protected":false},"excerpt":{"rendered":"<p>&nbsp; Por Ricardo Homs\u00a0 El voto m\u00e1s importante durante la consulta para revocaci\u00f3n de mandato\u2026\u00a1ha sido ignorado! No acudir a<\/p>\n","protected":false},"author":4,"featured_media":3190,"comment_status":"closed","ping_status":"closed","sticky":false,"template":"","format":"standard","meta":{"colormag_page_container_layout":"default_layout","colormag_page_sidebar_layout":"default_layout","_jetpack_memberships_contains_paid_content":false,"footnotes":"","jetpack_publicize_message":"","jetpack_publicize_feature_enabled":true,"jetpack_social_post_already_shared":false,"jetpack_social_options":{"image_generator_settings":{"template":"highway","default_image_id":0,"font":"","enabled":false},"version":2}},"categories":[6],"tags":[],"class_list":["post-3189","post","type-post","status-publish","format-standard","has-post-thumbnail","hentry","category-columnistas"],"jetpack_publicize_connections":[],"jetpack_featured_media_url":"https:\/\/noticiasveracruz.com\/wp-content\/uploads\/2022\/04\/NV-RICARDO-HOMS.png","jetpack_sharing_enabled":true,"publishpress_future_action":{"enabled":false,"date":"2026-05-07 18:49:08","action":"change-status","newStatus":"draft","terms":[],"taxonomy":"category","extraData":[]},"publishpress_future_workflow_manual_trigger":{"enabledWorkflows":[]},"_links":{"self":[{"href":"https:\/\/noticiasveracruz.com\/index.php\/wp-json\/wp\/v2\/posts\/3189","targetHints":{"allow":["GET"]}}],"collection":[{"href":"https:\/\/noticiasveracruz.com\/index.php\/wp-json\/wp\/v2\/posts"}],"about":[{"href":"https:\/\/noticiasveracruz.com\/index.php\/wp-json\/wp\/v2\/types\/post"}],"author":[{"embeddable":true,"href":"https:\/\/noticiasveracruz.com\/index.php\/wp-json\/wp\/v2\/users\/4"}],"replies":[{"embeddable":true,"href":"https:\/\/noticiasveracruz.com\/index.php\/wp-json\/wp\/v2\/comments?post=3189"}],"version-history":[{"count":0,"href":"https:\/\/noticiasveracruz.com\/index.php\/wp-json\/wp\/v2\/posts\/3189\/revisions"}],"wp:featuredmedia":[{"embeddable":true,"href":"https:\/\/noticiasveracruz.com\/index.php\/wp-json\/wp\/v2\/media\/3190"}],"wp:attachment":[{"href":"https:\/\/noticiasveracruz.com\/index.php\/wp-json\/wp\/v2\/media?parent=3189"}],"wp:term":[{"taxonomy":"category","embeddable":true,"href":"https:\/\/noticiasveracruz.com\/index.php\/wp-json\/wp\/v2\/categories?post=3189"},{"taxonomy":"post_tag","embeddable":true,"href":"https:\/\/noticiasveracruz.com\/index.php\/wp-json\/wp\/v2\/tags?post=3189"}],"curies":[{"name":"wp","href":"https:\/\/api.w.org\/{rel}","templated":true}]}}