{"id":3167,"date":"2022-04-16T17:39:32","date_gmt":"2022-04-16T22:39:32","guid":{"rendered":"https:\/\/noticiasveracruz.com\/?p=3167"},"modified":"2022-04-16T17:39:32","modified_gmt":"2022-04-16T22:39:32","slug":"listo-torre-steinway-edificio-mas-alto-y-delgado-del-mundo","status":"publish","type":"post","link":"https:\/\/noticiasveracruz.com\/index.php\/2022\/04\/16\/listo-torre-steinway-edificio-mas-alto-y-delgado-del-mundo\/","title":{"rendered":"\u00a1Listo! Torre Steinway, edificio m\u00e1s alto y delgado del mundo"},"content":{"rendered":"<p>&nbsp;<\/p>\n<p class=\"p1\"><span style=\"font-size: 14pt;\"><em><strong>Nueva York.<\/strong> <\/em>Despu\u00e9s de a\u00f1os de construcci\u00f3n sobre el Central Park, concluy\u00f3 la <strong>Torre Steinway<\/strong>, inicialmente conocida como 107 West 57th Street, por el nombre de la calle donde surgi\u00f3.<\/span><\/p>\n<p class=\"p1\"><span style=\"font-size: 14pt;\">Cuenta con 84 pisos, tiene m\u00e1s de 436 metros de altura mientras que la base mide 24&#215;18 metros, por lo que, teniendo en cuenta la relaci\u00f3n entre base y altura, es el rascacielos m\u00e1s delgado del mundo. Otro primado para la Gran Manzana.<\/span><\/p>\n<p>&nbsp;<\/p>\n<p><img loading=\"lazy\" decoding=\"async\" class=\"aligncenter wp-image-3907 size-large\" src=\"https:\/\/politicosaldesnudo.com.mx\/wp-content\/uploads\/2022\/04\/SteinwaySep28-576x1024.jpeg\" alt=\"\" width=\"576\" height=\"1024\" \/><\/p>\n<p>&nbsp;<\/p>\n<p class=\"p1\"><span style=\"font-size: 14pt;\">La Torre Steinway tambi\u00e9n se considera uno de los edificios m\u00e1s altos del hemisferio occidental.<\/span><\/p>\n<p class=\"p1\"><span style=\"font-size: 14pt;\"><strong>Dise\u00f1ado por SHoP Architects de Nueva York y construido por JDS Development, Property Markets Group y Spruce Capital Partners, la idea era crear una nueva versi\u00f3n audaz del horizonte de Nueva York.<\/strong><\/span><\/p>\n<p class=\"p1\"><span style=\"font-size: 14pt;\">Los rascacielos s\u00faper delgados comenzaron a hacerse populares en Hong Kong en la d\u00e9cada de 1970 y el concepto se afianz\u00f3 en otras ciudades del mundo.<\/span><\/p>\n<p>&nbsp;<\/p>\n<p>&nbsp;<\/p>\n<p>&nbsp;<\/p>\n","protected":false},"excerpt":{"rendered":"<p>&nbsp; Nueva York. Despu\u00e9s de a\u00f1os de construcci\u00f3n sobre el Central Park, concluy\u00f3 la Torre Steinway, inicialmente conocida como 107<\/p>\n","protected":false},"author":4,"featured_media":3168,"comment_status":"closed","ping_status":"closed","sticky":false,"template":"","format":"standard","meta":{"colormag_page_container_layout":"default_layout","colormag_page_sidebar_layout":"default_layout","_jetpack_memberships_contains_paid_content":false,"footnotes":"","jetpack_publicize_message":"","jetpack_publicize_feature_enabled":true,"jetpack_social_post_already_shared":false,"jetpack_social_options":{"image_generator_settings":{"template":"highway","default_image_id":0,"font":"","enabled":false},"version":2}},"categories":[355],"tags":[],"class_list":["post-3167","post","type-post","status-publish","format-standard","has-post-thumbnail","hentry","category-internacional"],"jetpack_publicize_connections":[],"jetpack_featured_media_url":"https:\/\/noticiasveracruz.com\/wp-content\/uploads\/2022\/04\/P-TOWER.png","jetpack_sharing_enabled":true,"publishpress_future_action":{"enabled":false,"date":"2026-05-09 01:14:38","action":"change-status","newStatus":"draft","terms":[],"taxonomy":"category","extraData":[]},"publishpress_future_workflow_manual_trigger":{"enabledWorkflows":[]},"_links":{"self":[{"href":"https:\/\/noticiasveracruz.com\/index.php\/wp-json\/wp\/v2\/posts\/3167","targetHints":{"allow":["GET"]}}],"collection":[{"href":"https:\/\/noticiasveracruz.com\/index.php\/wp-json\/wp\/v2\/posts"}],"about":[{"href":"https:\/\/noticiasveracruz.com\/index.php\/wp-json\/wp\/v2\/types\/post"}],"author":[{"embeddable":true,"href":"https:\/\/noticiasveracruz.com\/index.php\/wp-json\/wp\/v2\/users\/4"}],"replies":[{"embeddable":true,"href":"https:\/\/noticiasveracruz.com\/index.php\/wp-json\/wp\/v2\/comments?post=3167"}],"version-history":[{"count":0,"href":"https:\/\/noticiasveracruz.com\/index.php\/wp-json\/wp\/v2\/posts\/3167\/revisions"}],"wp:featuredmedia":[{"embeddable":true,"href":"https:\/\/noticiasveracruz.com\/index.php\/wp-json\/wp\/v2\/media\/3168"}],"wp:attachment":[{"href":"https:\/\/noticiasveracruz.com\/index.php\/wp-json\/wp\/v2\/media?parent=3167"}],"wp:term":[{"taxonomy":"category","embeddable":true,"href":"https:\/\/noticiasveracruz.com\/index.php\/wp-json\/wp\/v2\/categories?post=3167"},{"taxonomy":"post_tag","embeddable":true,"href":"https:\/\/noticiasveracruz.com\/index.php\/wp-json\/wp\/v2\/tags?post=3167"}],"curies":[{"name":"wp","href":"https:\/\/api.w.org\/{rel}","templated":true}]}}