{"id":3157,"date":"2022-04-16T17:59:17","date_gmt":"2022-04-16T22:59:17","guid":{"rendered":"https:\/\/noticiasveracruz.com\/?p=3157"},"modified":"2022-04-16T17:59:24","modified_gmt":"2022-04-16T22:59:24","slug":"muere-dona-rosario-ibarra","status":"publish","type":"post","link":"https:\/\/noticiasveracruz.com\/index.php\/2022\/04\/16\/muere-dona-rosario-ibarra\/","title":{"rendered":"Muere do\u00f1a Rosario Ibarra"},"content":{"rendered":"<p>&nbsp;<\/p>\n<p><em><strong>Ciudad de M\u00e9xico.<\/strong> <\/em><strong>Rosario Ibarra de Piedra, incansable luchadora por los derechos humanos<\/strong>, <strong>que sali\u00f3 a las calles para exigir la aparici\u00f3n de su hijo Jes\u00fas Piedra Ibarra, muri\u00f3 a los 95 a\u00f1os, en la ciudad de Monterrey, Nuevo Le\u00f3n<\/strong>. Fue pionera en la defensa por los derechos humanos Rosario Ibarra de Piedra, madre de la actual presidenta de la Comisi\u00f3n Nacional de los Derechos Humanos.<\/p>\n<p>&nbsp;<\/p>\n<p><img loading=\"lazy\" decoding=\"async\" class=\"aligncenter wp-image-3971 size-large\" src=\"https:\/\/politicosaldesnudo.com.mx\/wp-content\/uploads\/2022\/04\/P-ROSARIO5-1024x573.png\" alt=\"\" width=\"800\" height=\"448\" \/><\/p>\n<p>&nbsp;<\/p>\n<p><strong>Fund\u00f3 Eureka<\/strong>, palabra pronunciada por Arqu\u00edmides, que significa \u201cLo he encontrado\u201d una de las primeras organizaciones de madres, padres y familiares de desaparecidos. Su lucha inici\u00f3 luego de la desaparici\u00f3n forzada de su hijo Jes\u00fas Piedra Ibarra, quien en 1974 fue detenido de manera ilegal en Monterrey por agentes policiales que lo entregaron a instancias castrenses, quienes lo torturaron.<\/p>\n<p>&nbsp;<\/p>\n<p><img loading=\"lazy\" decoding=\"async\" class=\"aligncenter wp-image-3966 size-large\" src=\"https:\/\/politicosaldesnudo.com.mx\/wp-content\/uploads\/2022\/04\/P-ROSARIO2-1024x573.png\" alt=\"\" width=\"800\" height=\"448\" \/><\/p>\n<p>&nbsp;<\/p>\n<p><strong>Fue en dos ocasiones candidata a la presidencia de la Rep\u00fablica<\/strong> y respald\u00f3 las campa\u00f1as presidenciales posteriores de <strong>Cuauht\u00e9moc C\u00e1rdenas y de Andr\u00e9s Manuel L\u00f3pez<\/strong> Obrador, y en 2006 fue electa como senadora.<\/p>\n<p><strong>El 24 de octubre de 2019 recibi\u00f3 la Medalla Belisario Dom\u00ednguez del Senado de la Rep\u00fablica.<\/strong><\/p>\n<p>La luchadora social tambi\u00e9n particip\u00f3 en la defensa de la lucha de la Asamblea Popular de los Pueblos de Oaxaca (APPO), con los comuneros de Atenco que fueron reprimidos en el sexenio de Vicente Fox, defendi\u00f3 las causas del EZLN y con otras causas sociales.<\/p>\n<p>&nbsp;<\/p>\n<p><img loading=\"lazy\" decoding=\"async\" class=\"aligncenter wp-image-3975 size-large\" src=\"https:\/\/politicosaldesnudo.com.mx\/wp-content\/uploads\/2022\/04\/P-ROSARIO8-1024x573.png\" alt=\"\" width=\"800\" height=\"448\" \/><\/p>\n<p>&nbsp;<\/p>\n<p>&nbsp;<\/p>\n<p>En redes sociales ya se han expresado manifestaciones por el fallecimiento de Ibarra de Piedra, entre ellas la senadora Ifigenia Mart\u00ednez quien expres\u00f3 su tristeza por la muerte de su \u201centra\u00f1able amiga e incansable activista y luchadora social\u201d. Fue \u201cpionera en la defensa por los derechos humanos, la paz y la democracia en M\u00e9xico\u201d, se\u00f1al\u00f3 al tiempo que envi\u00f3 abrazos a sus hijas Rosario y Claudia, familiares y amigos.<\/p>\n<p>&nbsp;<\/p>\n<p><img loading=\"lazy\" decoding=\"async\" class=\"aligncenter wp-image-3970 size-large\" src=\"https:\/\/politicosaldesnudo.com.mx\/wp-content\/uploads\/2022\/04\/P-ROSARIO6-1024x573.png\" alt=\"\" width=\"800\" height=\"448\" \/><\/p>\n<p>&nbsp;<\/p>\n<p>&nbsp;<\/p>\n<p>&nbsp;<\/p>\n<p>&nbsp;<\/p>\n","protected":false},"excerpt":{"rendered":"<p>&nbsp; Ciudad de M\u00e9xico. Rosario Ibarra de Piedra, incansable luchadora por los derechos humanos, que sali\u00f3 a las calles para<\/p>\n","protected":false},"author":4,"featured_media":3158,"comment_status":"closed","ping_status":"closed","sticky":false,"template":"","format":"standard","meta":{"colormag_page_container_layout":"default_layout","colormag_page_sidebar_layout":"default_layout","_jetpack_memberships_contains_paid_content":false,"footnotes":"","jetpack_publicize_message":"","jetpack_publicize_feature_enabled":true,"jetpack_social_post_already_shared":false,"jetpack_social_options":{"image_generator_settings":{"template":"highway","default_image_id":0,"font":"","enabled":false},"version":2}},"categories":[4],"tags":[365],"class_list":["post-3157","post","type-post","status-publish","format-standard","has-post-thumbnail","hentry","category-nacional","tag-rosario-ibarra"],"jetpack_publicize_connections":[],"jetpack_featured_media_url":"https:\/\/noticiasveracruz.com\/wp-content\/uploads\/2022\/04\/P-ROSARIO1.png","jetpack_sharing_enabled":true,"publishpress_future_action":{"enabled":false,"date":"2026-05-07 19:42:39","action":"change-status","newStatus":"draft","terms":[],"taxonomy":"category","extraData":[]},"publishpress_future_workflow_manual_trigger":{"enabledWorkflows":[]},"_links":{"self":[{"href":"https:\/\/noticiasveracruz.com\/index.php\/wp-json\/wp\/v2\/posts\/3157","targetHints":{"allow":["GET"]}}],"collection":[{"href":"https:\/\/noticiasveracruz.com\/index.php\/wp-json\/wp\/v2\/posts"}],"about":[{"href":"https:\/\/noticiasveracruz.com\/index.php\/wp-json\/wp\/v2\/types\/post"}],"author":[{"embeddable":true,"href":"https:\/\/noticiasveracruz.com\/index.php\/wp-json\/wp\/v2\/users\/4"}],"replies":[{"embeddable":true,"href":"https:\/\/noticiasveracruz.com\/index.php\/wp-json\/wp\/v2\/comments?post=3157"}],"version-history":[{"count":0,"href":"https:\/\/noticiasveracruz.com\/index.php\/wp-json\/wp\/v2\/posts\/3157\/revisions"}],"wp:featuredmedia":[{"embeddable":true,"href":"https:\/\/noticiasveracruz.com\/index.php\/wp-json\/wp\/v2\/media\/3158"}],"wp:attachment":[{"href":"https:\/\/noticiasveracruz.com\/index.php\/wp-json\/wp\/v2\/media?parent=3157"}],"wp:term":[{"taxonomy":"category","embeddable":true,"href":"https:\/\/noticiasveracruz.com\/index.php\/wp-json\/wp\/v2\/categories?post=3157"},{"taxonomy":"post_tag","embeddable":true,"href":"https:\/\/noticiasveracruz.com\/index.php\/wp-json\/wp\/v2\/tags?post=3157"}],"curies":[{"name":"wp","href":"https:\/\/api.w.org\/{rel}","templated":true}]}}