{"id":3154,"date":"2022-04-16T17:34:04","date_gmt":"2022-04-16T22:34:04","guid":{"rendered":"https:\/\/noticiasveracruz.com\/?p=3154"},"modified":"2022-04-16T17:34:04","modified_gmt":"2022-04-16T22:34:04","slug":"queja-del-prd-contra-informe-de-amlo-sin-sustento-ine","status":"publish","type":"post","link":"https:\/\/noticiasveracruz.com\/index.php\/2022\/04\/16\/queja-del-prd-contra-informe-de-amlo-sin-sustento-ine\/","title":{"rendered":"Queja del PRD contra informe de AMLO, sin sustento: INE"},"content":{"rendered":"<p>&nbsp;<\/p>\n<p><em><strong>Ciudad de M\u00e9xico.<\/strong> <\/em>La Comisi\u00f3n de Quejas y Denuncias del Instituto Nacional Electoral (INE), rechaz\u00f3 las medidas cautelares solicitadas por el Partido de la Revoluci\u00f3n Democr\u00e1tica (PRD) <strong>contra el presidente Andr\u00e9s Manuel L\u00f3pez Obrador, por su Informe de 100 d\u00edas de su cuarto a\u00f1o de gobierno, dado que se trata de \u00abun acto consumado\u00bb.<\/strong><\/p>\n<p>En la 31 sesi\u00f3n extraordinaria urgente de la comisi\u00f3n, se recordaron los criterios emitidos por la Salas Superior y la Especializada del Tribunal Electoral del Poder Judicial de la Federaci\u00f3n (TEPJF), en los recursos SUP 193\/2021 y SRE-PSC 59\/202, en el sentido de que ese tipo de actos s\u00ed constituyen propaganda gubernamental personalizada en periodo prohibido.<\/p>\n<p>El PRD se\u00f1al\u00f3 que el informe se produjo durante las campa\u00f1as electorales en Aguascalientes, Durango, Hidalgo, Oaxaca, Quintana Roo y Tamaulipas, mismos que renovar\u00e1n la gubernatura el pr\u00f3ximo 5 de junio.<\/p>\n<blockquote><p>\u201cMe parece que ya qued\u00f3 definido por el Tribunal Electoral que este tipo de actos s\u00ed constituyen propaganda electoral personalizada y difusi\u00f3n de propaganda personalizada\u201d, plante\u00f3 la consejera Claudia Zavala, al proponer que se incluya el antecedente cronol\u00f3gico de este asunto.<\/p><\/blockquote>\n<p>A\u00f1adi\u00f3 que el evento fue \u201cun acto consumado, pero con similares caracter\u00edsticas a otro asunto\u00bb.<\/p>\n<p>&nbsp;<\/p>\n<p><img loading=\"lazy\" decoding=\"async\" class=\"aligncenter wp-image-3915 size-large\" src=\"https:\/\/politicosaldesnudo.com.mx\/wp-content\/uploads\/2022\/04\/12ABR22-Presidente-AMLO-informe-39-1024x683.jpeg\" alt=\"\" width=\"800\" height=\"534\" \/><\/p>\n<p>&nbsp;<\/p>\n<p>&nbsp;<\/p>\n<p><strong>La presidenta de la comisi\u00f3n, Adriana Favela, hizo un llamado a los actores pol\u00edticos a tener especial cuidado para no divulgar ning\u00fan tipo de propaganda que pudiera afectar o influir indebidamente en el desarrollo de las elecciones en curso.<\/strong><\/p>\n<p>En 2021, la Sala Superior confirm\u00f3 la sentencia dictada por la Sala Regional Especializada, en la cual determin\u00f3 que el informe \u201cPrimeros 100 d\u00edas del Tercer a\u00f1o de Gobierno\u201d emitido por L\u00f3pez Obrador el 30 de marzo de ese a\u00f1o, s\u00ed constituy\u00f3 propaganda gubernamental personalizada en periodo prohibido.<\/p>\n<p>&nbsp;<\/p>\n<p>&nbsp;<\/p>\n","protected":false},"excerpt":{"rendered":"<p>&nbsp; Ciudad de M\u00e9xico. La Comisi\u00f3n de Quejas y Denuncias del Instituto Nacional Electoral (INE), rechaz\u00f3 las medidas cautelares solicitadas<\/p>\n","protected":false},"author":4,"featured_media":3155,"comment_status":"closed","ping_status":"closed","sticky":false,"template":"","format":"standard","meta":{"colormag_page_container_layout":"default_layout","colormag_page_sidebar_layout":"default_layout","_jetpack_memberships_contains_paid_content":false,"footnotes":"","jetpack_publicize_message":"","jetpack_publicize_feature_enabled":true,"jetpack_social_post_already_shared":false,"jetpack_social_options":{"image_generator_settings":{"template":"highway","default_image_id":0,"font":"","enabled":false},"version":2}},"categories":[4],"tags":[27,66,286],"class_list":["post-3154","post","type-post","status-publish","format-standard","has-post-thumbnail","hentry","category-nacional","tag-amlo","tag-ine","tag-prd"],"jetpack_publicize_connections":[],"jetpack_featured_media_url":"https:\/\/noticiasveracruz.com\/wp-content\/uploads\/2022\/04\/P-AMLO.png","jetpack_sharing_enabled":true,"publishpress_future_action":{"enabled":false,"date":"2026-05-07 14:35:28","action":"change-status","newStatus":"draft","terms":[],"taxonomy":"category","extraData":[]},"publishpress_future_workflow_manual_trigger":{"enabledWorkflows":[]},"_links":{"self":[{"href":"https:\/\/noticiasveracruz.com\/index.php\/wp-json\/wp\/v2\/posts\/3154","targetHints":{"allow":["GET"]}}],"collection":[{"href":"https:\/\/noticiasveracruz.com\/index.php\/wp-json\/wp\/v2\/posts"}],"about":[{"href":"https:\/\/noticiasveracruz.com\/index.php\/wp-json\/wp\/v2\/types\/post"}],"author":[{"embeddable":true,"href":"https:\/\/noticiasveracruz.com\/index.php\/wp-json\/wp\/v2\/users\/4"}],"replies":[{"embeddable":true,"href":"https:\/\/noticiasveracruz.com\/index.php\/wp-json\/wp\/v2\/comments?post=3154"}],"version-history":[{"count":0,"href":"https:\/\/noticiasveracruz.com\/index.php\/wp-json\/wp\/v2\/posts\/3154\/revisions"}],"wp:featuredmedia":[{"embeddable":true,"href":"https:\/\/noticiasveracruz.com\/index.php\/wp-json\/wp\/v2\/media\/3155"}],"wp:attachment":[{"href":"https:\/\/noticiasveracruz.com\/index.php\/wp-json\/wp\/v2\/media?parent=3154"}],"wp:term":[{"taxonomy":"category","embeddable":true,"href":"https:\/\/noticiasveracruz.com\/index.php\/wp-json\/wp\/v2\/categories?post=3154"},{"taxonomy":"post_tag","embeddable":true,"href":"https:\/\/noticiasveracruz.com\/index.php\/wp-json\/wp\/v2\/tags?post=3154"}],"curies":[{"name":"wp","href":"https:\/\/api.w.org\/{rel}","templated":true}]}}