{"id":3147,"date":"2022-04-16T17:57:43","date_gmt":"2022-04-16T22:57:43","guid":{"rendered":"https:\/\/noticiasveracruz.com\/?p=3147"},"modified":"2022-04-16T17:57:45","modified_gmt":"2022-04-16T22:57:45","slug":"dj-fayad-se-suelta-el-pelo-video","status":"publish","type":"post","link":"https:\/\/noticiasveracruz.com\/index.php\/2022\/04\/16\/dj-fayad-se-suelta-el-pelo-video\/","title":{"rendered":"DJ Fayad se suelta el pelo (video)"},"content":{"rendered":"<p>&nbsp;<\/p>\n<div style=\"width: 720px;\" class=\"wp-video\"><video class=\"wp-video-shortcode\" id=\"video-3147-1\" width=\"720\" height=\"562\" preload=\"metadata\" controls=\"controls\"><source type=\"video\/mp4\" src=\"http:\/\/noticiasveracruz.com\/wp-content\/uploads\/2022\/04\/omar-fayad.mp4?_=1\" \/><a href=\"http:\/\/noticiasveracruz.com\/wp-content\/uploads\/2022\/04\/omar-fayad.mp4\">http:\/\/noticiasveracruz.com\/wp-content\/uploads\/2022\/04\/omar-fayad.mp4<\/a><\/video><\/div>\n<p>&nbsp;<\/p>\n<p><span style=\"font-size: 14pt;\"><em><strong>Pachuca.\u00a0<\/strong> <\/em><strong>En las redes sociales destaca la figura del gobernador de Hidalgo, el pri\u00edsta Omar Fayad,<\/strong> quien, en un video, vestido como<strong> Freddy Mercury, simula ser un Disc Jockey<\/strong> y muestra su entusiasmo en un antro en compa\u00f1\u00eda de sus hijos. La euforia delata que llevaba un buen rato en el lugar.<\/span><\/p>\n<p><span style=\"font-size: 14pt;\">Ahora la tendencia en redes no suelta la figura del gobernador quien pareciera dej\u00f3 atr\u00e1s los miles de problemas de los hidalguenses y utiliza la Semana Santa para desbocar su alegr\u00eda.<\/span><\/p>\n<p>&nbsp;<\/p>\n<blockquote class=\"twitter-tweet\" data-width=\"550\" data-dnt=\"true\">\n<p lang=\"es\" dir=\"ltr\">Disfrut\u00e9 bastante salir con mis hijos Vicky, Anuar y <a href=\"https:\/\/twitter.com\/joseedu92?ref_src=twsrc%5Etfw\">@joseedu92<\/a>; estar con ellos es muy divertido, todos deber\u00edamos hacerlo. \ud83d\udc68\ud83c\udffb <a href=\"https:\/\/twitter.com\/hashtag\/DJFayad?src=hash&amp;ref_src=twsrc%5Etfw\">#DJFayad<\/a> \ud83c\udfa7<\/p>\n<p>En esta \u00e9poca vacacional, disfruten de sus seres queridos conviviendo m\u00e1s de cerca. \u00a1Que sigan teniendo un excelente s\u00e1bado!<\/p>\n<p>&mdash; Omar Fayad (@omarfayad) <a href=\"https:\/\/twitter.com\/omarfayad\/status\/1515353749941887001?ref_src=twsrc%5Etfw\">April 16, 2022<\/a><\/p><\/blockquote>\n<p><script async src=\"https:\/\/platform.twitter.com\/widgets.js\" charset=\"utf-8\"><\/script><\/p>\n<p>&nbsp;<\/p>\n<p><span style=\"font-size: 14pt;\"><strong>DATOS DUROS DE HIDALGO<\/strong><\/span><\/p>\n<p><span style=\"font-size: 14pt;\">En su entidad habr\u00e1 elecciones el 5 de junio, durante el gobierno de Fayad\u00a0<strong>aument\u00f3 el desempleo y la tasa de asesinatos<\/strong>\u00a0por cada 100,000 habitantes, al mismo tiempo que\u00a0<strong>cay\u00f3 la econom\u00eda<\/strong><b>.<\/b>\u00a0Sin embargo, hubo mejoras en el combate a la pobreza y la corrupci\u00f3n.\u00a0<\/span><\/p>\n<p><span style=\"font-size: 14pt;\">Seg\u00fan el s<strong>ecretariado Ejecutivo del Sistema Nacional de Seguridad P\u00fablica,<\/strong><strong>\u00a0<\/strong>el a\u00f1o que Omar Fayad tom\u00f3 posesi\u00f3n, Hidalgo era el\u00a0<strong>cuarto estado menos violento<\/strong>\u00a0del pa\u00eds con una tasa de 4.7 asesinatos por cada 100,000 habitantes, solo debajo de Yucat\u00e1n, Aguascalientes y Nayarit. Entre 2016 y 2021, Hidalgo fue el estado n\u00famero 14 en cuanto aumento de violencia, con un incremento de 3.09 asesinatos por cada 100,000 habitantes.<\/span><\/p>\n<p><span style=\"font-size: 14pt;\">Informa el\u00a0<strong>Indicador Trimestral de la Actividad Econ\u00f3mica Estatal del INEGI<\/strong><strong>,<\/strong>\u00a0en el tercer trimestre de 2016 Hidalgo era el octavo estado en mejores condiciones. En el tercer trimestre de 2021 Hidalgo pas\u00f3 al d\u00e9cimo octavo estado en t\u00e9rminos de\u00a0<strong>actividad econ\u00f3mica<\/strong>, seg\u00fan el mismo indicador del INEGI.<\/span><\/p>\n<p><span style=\"font-size: 14pt;\">Aunque todos los estados del pa\u00eds sufrieron una contracci\u00f3n de la econom\u00eda despu\u00e9s de la crisis causada por la Covid-19<b>,\u00a0<\/b><strong>Hidalgo fue el sexto que menos pudo recuperarse. Hay otras muchas asignaturas pendientes.<\/strong><\/span><\/p>\n<p>&nbsp;<\/p>\n","protected":false},"excerpt":{"rendered":"<p>&nbsp; &nbsp; Pachuca.\u00a0 En las redes sociales destaca la figura del gobernador de Hidalgo, el pri\u00edsta Omar Fayad, quien, en<\/p>\n","protected":false},"author":4,"featured_media":3149,"comment_status":"closed","ping_status":"closed","sticky":false,"template":"","format":"standard","meta":{"colormag_page_container_layout":"default_layout","colormag_page_sidebar_layout":"default_layout","_jetpack_memberships_contains_paid_content":false,"footnotes":"","jetpack_publicize_message":"","jetpack_publicize_feature_enabled":true,"jetpack_social_post_already_shared":false,"jetpack_social_options":{"image_generator_settings":{"template":"highway","default_image_id":0,"font":"","enabled":false},"version":2}},"categories":[145],"tags":[362,212,211],"class_list":["post-3147","post","type-post","status-publish","format-standard","has-post-thumbnail","hentry","category-estados","tag-dj","tag-hidalgo","tag-omar-fayad"],"jetpack_publicize_connections":[],"jetpack_featured_media_url":"https:\/\/noticiasveracruz.com\/wp-content\/uploads\/2022\/04\/P-FAYAD.png","jetpack_sharing_enabled":true,"publishpress_future_action":{"enabled":false,"date":"2026-05-07 18:45:01","action":"change-status","newStatus":"draft","terms":[],"taxonomy":"category","extraData":[]},"publishpress_future_workflow_manual_trigger":{"enabledWorkflows":[]},"_links":{"self":[{"href":"https:\/\/noticiasveracruz.com\/index.php\/wp-json\/wp\/v2\/posts\/3147","targetHints":{"allow":["GET"]}}],"collection":[{"href":"https:\/\/noticiasveracruz.com\/index.php\/wp-json\/wp\/v2\/posts"}],"about":[{"href":"https:\/\/noticiasveracruz.com\/index.php\/wp-json\/wp\/v2\/types\/post"}],"author":[{"embeddable":true,"href":"https:\/\/noticiasveracruz.com\/index.php\/wp-json\/wp\/v2\/users\/4"}],"replies":[{"embeddable":true,"href":"https:\/\/noticiasveracruz.com\/index.php\/wp-json\/wp\/v2\/comments?post=3147"}],"version-history":[{"count":0,"href":"https:\/\/noticiasveracruz.com\/index.php\/wp-json\/wp\/v2\/posts\/3147\/revisions"}],"wp:featuredmedia":[{"embeddable":true,"href":"https:\/\/noticiasveracruz.com\/index.php\/wp-json\/wp\/v2\/media\/3149"}],"wp:attachment":[{"href":"https:\/\/noticiasveracruz.com\/index.php\/wp-json\/wp\/v2\/media?parent=3147"}],"wp:term":[{"taxonomy":"category","embeddable":true,"href":"https:\/\/noticiasveracruz.com\/index.php\/wp-json\/wp\/v2\/categories?post=3147"},{"taxonomy":"post_tag","embeddable":true,"href":"https:\/\/noticiasveracruz.com\/index.php\/wp-json\/wp\/v2\/tags?post=3147"}],"curies":[{"name":"wp","href":"https:\/\/api.w.org\/{rel}","templated":true}]}}