{"id":31292,"date":"2024-05-12T01:20:18","date_gmt":"2024-05-12T06:20:18","guid":{"rendered":"https:\/\/noticiasveracruz.com\/?p=31292"},"modified":"2024-05-12T01:20:18","modified_gmt":"2024-05-12T06:20:18","slug":"suspende-actividades-candidata-priista-en-leon-tras-disparos-en-mitin","status":"publish","type":"post","link":"https:\/\/noticiasveracruz.com\/index.php\/2024\/05\/12\/suspende-actividades-candidata-priista-en-leon-tras-disparos-en-mitin\/","title":{"rendered":"Suspende actividades candidata pri\u00edsta en Le\u00f3n tras \u00abdisparos\u00bb en mitin"},"content":{"rendered":"<p><span style=\"font-size: 14pt;\">La candidata del PRI a la alcald\u00eda de Le\u00f3n, Zukeyli L\u00f3pez Jim\u00e9nez, inform\u00f3 que suspendi\u00f3 las actividades de campa\u00f1a en la colonia Latinoamericana porque escuch\u00f3 disparos de arma de fuego.<\/span><\/p>\n<p><span style=\"font-size: 14pt;\">\u201cHoy en recorrido por la colonia Latinoamericana, escuchamos detonaciones de arma de fuego y decidimos suspender actividades\u201d, difundi\u00f3 en su cuenta de X.<\/span><\/p>\n<p><span style=\"font-size: 14pt;\">La pri\u00edsta coment\u00f3 que iba en compa\u00f1\u00eda del el candidato a diputado local, Tadeo S\u00e1nchez.<\/span><\/p>\n<p><span style=\"font-size: 14pt;\">\u201cAfortunadamente ambos estamos bien, as\u00ed como nuestros equipos. Agradezco su preocupaci\u00f3n\u201d, concluy\u00f3.<\/span><\/p>\n<p><span style=\"font-size: 14pt;\">El presidente municipal de Le\u00f3n, Jorge Jim\u00e9nez Lona, difundi\u00f3 que la Secretar\u00eda de Seguridad investiga los hechos denunciados por la candidata del PRI.<\/span><\/p>\n<p><span style=\"font-size: 14pt;\">\u201cSecretar\u00eda de Seguridad est\u00e1 en el lugar investigando con los vecinos, y hasta el momento, la polic\u00eda reporta que no hay ning\u00fan hecho que lamentar\u201d, se\u00f1al\u00f3 el alcalde.<\/span><\/p>\n<p><span style=\"font-size: 14pt;\">El mun\u00edcipe manifest\u00f3 su apoyo y solidaridad a Zukeyli porque \u201ces importante que se pueda hacer campa\u00f1a de manera segura en el municipio\u201d.<\/span><\/p>\n","protected":false},"excerpt":{"rendered":"<p>La candidata del PRI a la alcald\u00eda de Le\u00f3n, Zukeyli L\u00f3pez Jim\u00e9nez, inform\u00f3 que suspendi\u00f3 las actividades de campa\u00f1a en la colonia Latinoamericana porque escuch\u00f3 disparos de arma de fuego. \u201cHoy en recorrido por la colonia Latinoamericana, escuchamos detonaciones de arma de fuego y decidimos suspender actividades\u201d, difundi\u00f3 en su cuenta de X. La pri\u00edsta [&hellip;]<\/p>\n","protected":false},"author":4,"featured_media":31293,"comment_status":"closed","ping_status":"closed","sticky":false,"template":"","format":"standard","meta":{"_jetpack_newsletter_access":"","_jetpack_dont_email_post_to_subs":false,"_jetpack_newsletter_tier_id":0,"_jetpack_memberships_contains_paywalled_content":false,"_jetpack_feature_clip_id":0,"_jetpack_memberships_contains_paid_content":false,"footnotes":"","jetpack_publicize_message":"","jetpack_publicize_feature_enabled":true,"jetpack_social_post_already_shared":true,"jetpack_social_options":{"image_generator_settings":{"template":"highway","default_image_id":0,"font":"","enabled":false},"version":2},"jetpack_post_was_ever_published":false},"categories":[145],"tags":[],"class_list":["post-31292","post","type-post","status-publish","format-standard","has-post-thumbnail","hentry","category-estados"],"jetpack_publicize_connections":[],"jetpack_sharing_enabled":true,"publishpress_future_action":{"enabled":false,"date":"2026-09-08 14:28:48","action":"change-status","newStatus":"draft","terms":[],"taxonomy":"category","extraData":[]},"publishpress_future_workflow_manual_trigger":{"enabledWorkflows":[]},"jetpack_featured_media_url":"https:\/\/noticiasveracruz.com\/wp-content\/uploads\/2024\/05\/suspende-actividades-candidata-priista-en-gto-201cescuchamos-detonaciones201d-8075html-priistajpg-4643html-fab0c4e6-4969-4d5e-b169-31aa3e8321c0.jpg","_links":{"self":[{"href":"https:\/\/noticiasveracruz.com\/index.php\/wp-json\/wp\/v2\/posts\/31292","targetHints":{"allow":["GET"]}}],"collection":[{"href":"https:\/\/noticiasveracruz.com\/index.php\/wp-json\/wp\/v2\/posts"}],"about":[{"href":"https:\/\/noticiasveracruz.com\/index.php\/wp-json\/wp\/v2\/types\/post"}],"author":[{"embeddable":true,"href":"https:\/\/noticiasveracruz.com\/index.php\/wp-json\/wp\/v2\/users\/4"}],"replies":[{"embeddable":true,"href":"https:\/\/noticiasveracruz.com\/index.php\/wp-json\/wp\/v2\/comments?post=31292"}],"version-history":[{"count":0,"href":"https:\/\/noticiasveracruz.com\/index.php\/wp-json\/wp\/v2\/posts\/31292\/revisions"}],"wp:featuredmedia":[{"embeddable":true,"href":"https:\/\/noticiasveracruz.com\/index.php\/wp-json\/wp\/v2\/media\/31293"}],"wp:attachment":[{"href":"https:\/\/noticiasveracruz.com\/index.php\/wp-json\/wp\/v2\/media?parent=31292"}],"wp:term":[{"taxonomy":"category","embeddable":true,"href":"https:\/\/noticiasveracruz.com\/index.php\/wp-json\/wp\/v2\/categories?post=31292"},{"taxonomy":"post_tag","embeddable":true,"href":"https:\/\/noticiasveracruz.com\/index.php\/wp-json\/wp\/v2\/tags?post=31292"}],"curies":[{"name":"wp","href":"https:\/\/api.w.org\/{rel}","templated":true}]}}