{"id":29963,"date":"2024-04-23T08:39:27","date_gmt":"2024-04-23T13:39:27","guid":{"rendered":"https:\/\/noticiasveracruz.com\/?p=29963"},"modified":"2024-04-23T08:39:27","modified_gmt":"2024-04-23T13:39:27","slug":"ine-veracruz-recibe-boletas","status":"publish","type":"post","link":"https:\/\/noticiasveracruz.com\/index.php\/2024\/04\/23\/ine-veracruz-recibe-boletas\/","title":{"rendered":"INE Veracruz recibe boletas"},"content":{"rendered":"<p><span style=\"font-size: 14pt;\">Xalapa.- El Instituto Nacional Electoral (INE) en Veracruz recibi\u00f3 boletas para el voto anticipado de personas en situaci\u00f3n de postraci\u00f3n.<\/span><\/p>\n<p><span style=\"font-size: 14pt;\">El vocal de la Junta Local del INE en Veracruz, Josu\u00e9 Cervantes Mart\u00ednez, detall\u00f3 que se recoger\u00e1n los votos entre el 6 y el 20 de mayo y se realizar\u00e1 el escrutinio el d\u00eda de la jornada electoral, es decir, el pr\u00f3ximo domingo 2 de junio.<\/span><\/p>\n<p><span style=\"font-size: 14pt;\">\u201cAcabamos de recibir de manos de la vocal de organizaci\u00f3n electoral del INE en el estado de Veracruz las boletas que a su vez recibi\u00f3 hoy mismo del Instituto Nacional Electoral en Talleres Gr\u00e1ficos de M\u00e9xico\u201d.<\/span><\/p>\n<p><span style=\"font-size: 14pt;\">El funcionario electoral refiri\u00f3 que se recibieron 256 boletas para la elecci\u00f3n presidencial y el mismo n\u00famero para la senadur\u00eda y la elecci\u00f3n de diputados federales.<\/span><\/p>\n<p><span style=\"font-size: 14pt;\">\u201cPor eso recibimos tres contenidos en tres sobres, que fueron los que se acaban de resguardar. Y esas son para el voto anticipado. Este voto anticipado es de aquellas personas que est\u00e1n en una situaci\u00f3n de postraci\u00f3n. Personas que, en su momento, entre 2018 y el 31 de diciembre de 2023, como ten\u00edan alguna imposibilidad, sobre todo motriz, para acudir al m\u00f3dulo a hacer alg\u00fan tr\u00e1mite, nos pidieron que el INE fuera a sus domicilios y ah\u00ed les hici\u00e9ramos el tr\u00e1mite de su credencial para votar con fotograf\u00eda\u201d.<\/span><\/p>\n<p><span style=\"font-size: 14pt;\">Cervantes Mart\u00ednez indic\u00f3 que se garantiza la secrec\u00eda del voto y se utilizar\u00e1 un listado nominal para verificar la autenticidad de los votantes.<\/span><\/p>\n<p><span style=\"font-size: 14pt;\">\u201cUna vez que se recaben estos votos, se van a resguardar hasta el d\u00eda de la jornada electoral. El d\u00eda de la jornada electoral se van a extraer de nuevo a las 5 de la tarde, que se va a instalar una mesa de escrutinio y c\u00f3mputo con ciudadan\u00eda que es insaculada, ciudadan\u00eda que fue sorteada para ocupar los cargos de presidente, secretario y escrutadores. Y van a hacer lo que es propiamente ya el escrutinio y c\u00f3mputo. Van a romper los sobres, van a extraer la boleta, la van a depositar en la urna que corresponde, tres urnas recordemos, una presidencial, una del Senado y una de diputaciones, y ya que est\u00e9n llenas van a hacer el escrutinio y c\u00f3mputo como en cualquier casilla\u201d.<\/span><\/p>\n<p><span style=\"font-size: 14pt;\">Un total de 253 personas podr\u00e1n emitir su voto bajo esta modalidad en el estado de Veracruz.<\/span><\/p>\n","protected":false},"excerpt":{"rendered":"<p>Xalapa.- El Instituto Nacional Electoral (INE) en Veracruz recibi\u00f3 boletas para el voto anticipado de personas en situaci\u00f3n de postraci\u00f3n. El vocal de la Junta Local del INE en Veracruz, Josu\u00e9 Cervantes Mart\u00ednez, detall\u00f3 que se recoger\u00e1n los votos entre el 6 y el 20 de mayo y se realizar\u00e1 el escrutinio el d\u00eda de [&hellip;]<\/p>\n","protected":false},"author":4,"featured_media":29964,"comment_status":"closed","ping_status":"closed","sticky":false,"template":"","format":"standard","meta":{"_jetpack_newsletter_access":"","_jetpack_dont_email_post_to_subs":false,"_jetpack_newsletter_tier_id":0,"_jetpack_memberships_contains_paywalled_content":false,"_jetpack_feature_clip_id":0,"_jetpack_memberships_contains_paid_content":false,"footnotes":"","jetpack_publicize_message":"","jetpack_publicize_feature_enabled":true,"jetpack_social_post_already_shared":true,"jetpack_social_options":{"image_generator_settings":{"template":"highway","default_image_id":0,"font":"","enabled":false},"version":2},"jetpack_post_was_ever_published":false},"categories":[145,356],"tags":[],"class_list":["post-29963","post","type-post","status-publish","format-standard","has-post-thumbnail","hentry","category-estados","category-veracruz"],"jetpack_publicize_connections":[],"jetpack_sharing_enabled":true,"publishpress_future_action":{"enabled":false,"date":"2026-09-08 07:30:58","action":"change-status","newStatus":"draft","terms":[],"taxonomy":"category","extraData":[]},"publishpress_future_workflow_manual_trigger":{"enabledWorkflows":[]},"jetpack_featured_media_url":"https:\/\/noticiasveracruz.com\/wp-content\/uploads\/2024\/04\/3c-4.jpg","_links":{"self":[{"href":"https:\/\/noticiasveracruz.com\/index.php\/wp-json\/wp\/v2\/posts\/29963","targetHints":{"allow":["GET"]}}],"collection":[{"href":"https:\/\/noticiasveracruz.com\/index.php\/wp-json\/wp\/v2\/posts"}],"about":[{"href":"https:\/\/noticiasveracruz.com\/index.php\/wp-json\/wp\/v2\/types\/post"}],"author":[{"embeddable":true,"href":"https:\/\/noticiasveracruz.com\/index.php\/wp-json\/wp\/v2\/users\/4"}],"replies":[{"embeddable":true,"href":"https:\/\/noticiasveracruz.com\/index.php\/wp-json\/wp\/v2\/comments?post=29963"}],"version-history":[{"count":0,"href":"https:\/\/noticiasveracruz.com\/index.php\/wp-json\/wp\/v2\/posts\/29963\/revisions"}],"wp:featuredmedia":[{"embeddable":true,"href":"https:\/\/noticiasveracruz.com\/index.php\/wp-json\/wp\/v2\/media\/29964"}],"wp:attachment":[{"href":"https:\/\/noticiasveracruz.com\/index.php\/wp-json\/wp\/v2\/media?parent=29963"}],"wp:term":[{"taxonomy":"category","embeddable":true,"href":"https:\/\/noticiasveracruz.com\/index.php\/wp-json\/wp\/v2\/categories?post=29963"},{"taxonomy":"post_tag","embeddable":true,"href":"https:\/\/noticiasveracruz.com\/index.php\/wp-json\/wp\/v2\/tags?post=29963"}],"curies":[{"name":"wp","href":"https:\/\/api.w.org\/{rel}","templated":true}]}}