{"id":29832,"date":"2024-04-22T02:16:44","date_gmt":"2024-04-22T07:16:44","guid":{"rendered":"https:\/\/noticiasveracruz.com\/?p=29832"},"modified":"2024-04-22T02:16:44","modified_gmt":"2024-04-22T07:16:44","slug":"oposicion-contra-la-razon-y-el-derecho","status":"publish","type":"post","link":"https:\/\/noticiasveracruz.com\/index.php\/2024\/04\/22\/oposicion-contra-la-razon-y-el-derecho\/","title":{"rendered":"Oposicion contra la razon y el derecho"},"content":{"rendered":"<p><span style=\"font-size: 14pt;\"><strong>Por Francisco Blanco Calder\u00f3n<\/strong><\/span><\/p>\n<p><span style=\"font-size: 14pt;\"><strong>\u00a0<\/strong>Dos reformas propuestas por el gobierno federal ante el Congreso han provocado un sin fin de acusaciones, mentiras prefabricadas, noticias falsas, chismes, rumores en plena guerra sucia auspiciada por los partidos del Frente de Claudio equis, as\u00ed como de grupos empresariales enquistados en el sistema de Afores. Por otro lado, en el Congreso se discute la reforma a la Ley de Amparo que proh\u00edbe las suspensiones con efectos generales contra leyes, es decir, para que los jueces no detengan obras o normas de forma cautelar ante posibles violaciones de derechos humanos, y la vor\u00e1gine retorn\u00f3 en medios convencionales y sobre todo, n redes sociales donde millones de Bots, prefabricados por la ultra derecha, en varios pa\u00edses de Am\u00e9rica Latina, Europa y Asia. A ello se suma el conflicto, provocado, de la SCJN contra el exministro Arturo Zald\u00edvar para que el sistema judicial, con el fin de frenar, anular, impedir cambios sustanciales en las Afores, modificaciones sustantivas en la ley del amparo y sobre todo proteger los intereses tanto de jueces, magistrados, ministros, as\u00ed como de partidos y sus pol\u00edticos enquistados junto al poder econ\u00f3mico de agrupaciones patronales y sobre todo de grandes capitales.<\/span><\/p>\n<p><span style=\"font-size: 14pt;\"><strong>\u00a0<\/strong>Desde 1973 exist\u00eda un sistema Solidario con el trabajador: la pensi\u00f3n del IMSS estaba en funci\u00f3n del salario, se pod\u00eda jubilar a los 60 a\u00f1os y con 500 semanas de cotizaci\u00f3n. Pero, los gobiernos neoliberales comenzaron a modificar la Ley de Pensiones \u00a0\u00a0a partir en 1997, ya que antes un trabajador que ganaba 10 mil pesos se jubilaba con el mismo salario, pero con la Reforma de 1997 del IMSS \u2013 aprobada en 1995- por Ernesto Zedillo, se pas\u00f3 de un sistema solidario a cuentas individuales, administradas por las Afores, se incrementaron las semanas de cotizaci\u00f3n (de 500 a 1,250 semanas) y la pensi\u00f3n qued\u00f3 en funci\u00f3n del ahorro, no del salario. \u00a0Despu\u00e9s con la Reforma del 2007 del ISSSTE, pero elaborada en 2004 con Vicente Fox, con el financiamiento y asesor\u00eda del Banco Mundial, bajo la iniciativa presentada por los Diputados del PAN, PRI y PVEM, en la administraci\u00f3n de Felipe Calder\u00f3n con \u00a0Miguel \u00c1ngel Yunes Linares siendo director del ISSSTE: Se introduce el requisito edad para pensionarse: 65 a\u00f1os\u00a0 y al igual que en el IMSS pasa de un sistema solidario\u00a0 a cuentas individuales PENSIONISSSTE y AFORES y se conserva la pensi\u00f3n en funci\u00f3n del ahorro, no del salario.<\/span><\/p>\n<p><span style=\"font-size: 14pt;\">La Reforma del 2020,propuesta por AMLO y \u00a0aprobada por todos los partidos a excepci\u00f3n del PRD. Se increment\u00f3 la aportaci\u00f3n patronal de 5% a 13%, se disminuyeron las comisiones de las Afores y se evolucionaron las comisiones del SAR. En la Reforma de ese a\u00f1o al IMSS, y se le disminuyeron las semanas de cotizaci\u00f3n para jubilarse de 1250 a 750 semanas.<\/span><\/p>\n<p><span style=\"font-size: 14pt;\">En esta segunda Reforma del 2024 (IMSS\/ISSSTE) se garantiza que los trabajadores que ganan hasta el salario promedio en el IMSS se jubilen con el 100% de su salario, mediante un complemento solidario.<\/span><\/p>\n<p><span style=\"font-size: 14pt;\">\u201cNo estamos aqu\u00ed nosotros para perjudicar a los trabajadores, estamos aqu\u00ed para beneficiarlos; as\u00ed de claro. Los que roban son otros y no est\u00e1n aqu\u00ed, no somos nosotros, para que empecemos a respetarnos. No somos iguales\u201d. As\u00ed lo dijo el presidente Andr\u00e9s Manuel L\u00f3pez Obrador al encabezar el informe a la poblaci\u00f3n sobre los cambios que impulsa el gobierno federal en torno a las afores y pensiones para el retiro, sobre lo cual puntualiz\u00f3 que es necesario corregir lo que injustamente hicieron gobiernos anteriores para evitar que le vaya muy mal a quienes se pensionar\u00e1n en el futuro.<\/span><\/p>\n<p><span style=\"font-size: 14pt;\">En cuanto a la propuesta de modificar la ley del amparo, el Juicio de Amparo ha sido y es, el principal instrumento de defensa de los derechos que las personas tienen para protegerse de los actos de autoridad. Son m\u00faltiples y profundos los cambios que se han logrado. Con la Nueva Ley de Amparo, son m\u00faltiples y profundos los cambios que se deben lograr a partir de tres rubros: \u201cPrimero. Se ampl\u00eda la esfera de protecci\u00f3n de los derechos. Los Derechos Humanos previstos en los tratados internacionales ser\u00e1n objeto de protecci\u00f3n directa. Se dota de efectos generales a las sentencias de inconstitucionalidad de una norma general por parte de la SCJN, con lo que se tutelan los derechos de todas las personas, aun cuando no hayan interpuesto el juicio. Se otorga la calidad de parte agraviada a quien tenga un inter\u00e9s leg\u00edtimo, ya no necesariamente jur\u00eddico. Segundo. Se eleva la eficacia de la justicia mexicana. La sentencia de todo \u201camparo para efectos\u201d se\u00f1alar\u00e1 con precisi\u00f3n los t\u00e9rminos en que deba cumplirse. Tercero. Se fortalece al Poder Judicial de la Federaci\u00f3n, particularmente a la Suprema Corte de Justicia de la Naci\u00f3n. Se crean los \u201cPlenos de Circuito\u201d para asegurar el debido cumplimiento de las sentencias de Amparo, se robustece el esquema de sanciones\u201d (Gobierno de M\u00e9xico).<\/span><\/p>\n<p><span style=\"font-size: 14pt;\">La Suprema Corte de Justicia de la Naci\u00f3n podr\u00e1 separar de su cargo y consignar ante el Juez de Distrito, tanto a la autoridad responsable como a su superior jer\u00e1rquico cuando incumplan una sentencia de Amparo. Hoy, despu\u00e9s de 172 a\u00f1os, se revitaliza el instrumento de control constitucional m\u00e1s importante de nuestro Sistema Jur\u00eddico, el juicio de amparo. Ambas propuestas avanzan tanto en el senado como en la c\u00e1mara de diputados, pero los opositores se aferran medi\u00e1ticamente en defensa de sus intereses.<\/span><\/p>\n<p><img loading=\"lazy\" decoding=\"async\" class=\"alignnone wp-image-29823 size-full\" src=\"http:\/\/noticiasveracruz.com\/wp-content\/uploads\/2024\/04\/FIRMA-EDITORIAL-PD-4.jpg\" alt=\"\" width=\"1024\" height=\"125\" srcset=\"https:\/\/noticiasveracruz.com\/wp-content\/uploads\/2024\/04\/FIRMA-EDITORIAL-PD-4.jpg 1024w, https:\/\/noticiasveracruz.com\/wp-content\/uploads\/2024\/04\/FIRMA-EDITORIAL-PD-4-300x37.jpg 300w, https:\/\/noticiasveracruz.com\/wp-content\/uploads\/2024\/04\/FIRMA-EDITORIAL-PD-4-768x94.jpg 768w\" sizes=\"auto, (max-width: 1024px) 100vw, 1024px\" \/><\/p>\n","protected":false},"excerpt":{"rendered":"<p>Por Francisco Blanco Calder\u00f3n \u00a0Dos reformas propuestas por el gobierno federal ante el Congreso han provocado un sin fin de<\/p>\n","protected":false},"author":4,"featured_media":3566,"comment_status":"closed","ping_status":"closed","sticky":false,"template":"","format":"standard","meta":{"colormag_page_container_layout":"default_layout","colormag_page_sidebar_layout":"default_layout","_jetpack_memberships_contains_paid_content":false,"footnotes":"","jetpack_publicize_message":"","jetpack_publicize_feature_enabled":true,"jetpack_social_post_already_shared":true,"jetpack_social_options":{"image_generator_settings":{"template":"highway","default_image_id":0,"font":"","enabled":false},"version":2}},"categories":[6],"tags":[],"class_list":["post-29832","post","type-post","status-publish","format-standard","has-post-thumbnail","hentry","category-columnistas"],"jetpack_publicize_connections":[],"jetpack_featured_media_url":"https:\/\/noticiasveracruz.com\/wp-content\/uploads\/2022\/04\/NV-FRANCISCO-BLANCO.png","jetpack_sharing_enabled":true,"publishpress_future_action":{"enabled":false,"date":"2026-05-10 09:03:15","action":"change-status","newStatus":"draft","terms":[],"taxonomy":"category","extraData":[]},"publishpress_future_workflow_manual_trigger":{"enabledWorkflows":[]},"_links":{"self":[{"href":"https:\/\/noticiasveracruz.com\/index.php\/wp-json\/wp\/v2\/posts\/29832","targetHints":{"allow":["GET"]}}],"collection":[{"href":"https:\/\/noticiasveracruz.com\/index.php\/wp-json\/wp\/v2\/posts"}],"about":[{"href":"https:\/\/noticiasveracruz.com\/index.php\/wp-json\/wp\/v2\/types\/post"}],"author":[{"embeddable":true,"href":"https:\/\/noticiasveracruz.com\/index.php\/wp-json\/wp\/v2\/users\/4"}],"replies":[{"embeddable":true,"href":"https:\/\/noticiasveracruz.com\/index.php\/wp-json\/wp\/v2\/comments?post=29832"}],"version-history":[{"count":0,"href":"https:\/\/noticiasveracruz.com\/index.php\/wp-json\/wp\/v2\/posts\/29832\/revisions"}],"wp:featuredmedia":[{"embeddable":true,"href":"https:\/\/noticiasveracruz.com\/index.php\/wp-json\/wp\/v2\/media\/3566"}],"wp:attachment":[{"href":"https:\/\/noticiasveracruz.com\/index.php\/wp-json\/wp\/v2\/media?parent=29832"}],"wp:term":[{"taxonomy":"category","embeddable":true,"href":"https:\/\/noticiasveracruz.com\/index.php\/wp-json\/wp\/v2\/categories?post=29832"},{"taxonomy":"post_tag","embeddable":true,"href":"https:\/\/noticiasveracruz.com\/index.php\/wp-json\/wp\/v2\/tags?post=29832"}],"curies":[{"name":"wp","href":"https:\/\/api.w.org\/{rel}","templated":true}]}}