{"id":29362,"date":"2024-04-13T02:41:53","date_gmt":"2024-04-13T07:41:53","guid":{"rendered":"https:\/\/noticiasveracruz.com\/?p=29362"},"modified":"2024-04-13T02:41:53","modified_gmt":"2024-04-13T07:41:53","slug":"la-8-de-mahler-por-80-aniversario-uv","status":"publish","type":"post","link":"https:\/\/noticiasveracruz.com\/index.php\/2024\/04\/13\/la-8-de-mahler-por-80-aniversario-uv\/","title":{"rendered":"La 8\u00b0 de Mahler por 80 Aniversario UV"},"content":{"rendered":"<ul>\n<li><span style=\"font-size: 14pt;\"><strong>Despu\u00e9s de 23 a\u00f1os, la \u201cSinfon\u00eda de los Mil\u201d por segunda vez en Xalapa<\/strong><\/span><\/li>\n<li><span style=\"font-size: 14pt;\"><strong>M\u00e1s de 350 artistas en escena; 130 m\u00fasicos, 6 coros y 8 solistas<\/strong><\/span><\/li>\n<li><span style=\"font-size: 14pt;\"><strong>Programa hist\u00f3rico a nivel nacional en conmemoraci\u00f3n del 80 aniversario de la Universidad Veracruzana<\/strong><\/span>\n<p><span style=\"font-size: 14pt;\">Xalapa, Ver. 11 de abril de 2024. La Orquesta Sinf\u00f3nica de Xalapa de la UV, en conmemoraci\u00f3n del 80\u00b0 aniversario de la Universidad Veracruzana, se enorgullece en presentar una de las producciones sinf\u00f3nicas m\u00e1s impresionantes por su trascendental envergadura en el canon sinf\u00f3nico. Por primera vez desde su \u00faltima y \u00fanica presentaci\u00f3n a principios del siglo XXI en la capital veracruzana, y una de las primeras en Am\u00e9rica Latina (2001). Llega a Tlaqn\u00e1, Centro Cultural, uno de los conciertos art\u00edsticos m\u00e1s importantes de 2024: la Sinfon\u00eda No. 8, o tambi\u00e9n llamada \u201cSinfon\u00eda de los Mil\u201d, de Gustav Mahler.<\/span><\/li>\n<\/ul>\n<p><span style=\"font-size: 14pt;\">Con una vasta y notable colaboraci\u00f3n entre distintos contingentes corales de la Universidad Veracruzana y a nivel regional, que se presentar\u00e1n para construir este hito musical: Coro Universidad Veracruzana (Dir. Jorge C\u00f3zatl), Camerata Coral de la Facultad de M\u00fasica UV (Dir. Josafat Garc\u00eda Melo), Coro ISMEV (Dir. Adriana Sanabria), Coro Wahine (Dir. Rodolfo Obreg\u00f3n), Coro Orfix (Dir. Deseret B\u00e1ez) y Coro Sinf\u00f3nico BUAP CCU (Dir. Jos\u00e9 Antonio de la Rosa Esparza). Y con las notables voces de los solistas invitados, representando talento de talla internacional: Tania Sol\u00eds, soprano; Graciela Morales, soprano; Gabriela Flores, mezzosoprano; Belem Rodr\u00edguez, mezzosoprano; Ang\u00e9lica Alejandre, soprano; Jafet Maldonado, bajo; Gilberto Amaro, tenor; y Genaro Sulvar\u00e1n, bar\u00edtono.<\/span><br \/>\n<span style=\"font-size: 14pt;\">Todos bajo la solemne batuta de Martin Lebel, director titular.<\/span><\/p>\n<p><img loading=\"lazy\" decoding=\"async\" class=\"alignnone size-medium wp-image-29364\" src=\"http:\/\/noticiasveracruz.com\/wp-content\/uploads\/2024\/04\/ABR_20-240x300.jpg\" alt=\"\" width=\"240\" height=\"300\" srcset=\"https:\/\/noticiasveracruz.com\/wp-content\/uploads\/2024\/04\/ABR_20-240x300.jpg 240w, https:\/\/noticiasveracruz.com\/wp-content\/uploads\/2024\/04\/ABR_20-819x1024.jpg 819w, https:\/\/noticiasveracruz.com\/wp-content\/uploads\/2024\/04\/ABR_20-768x960.jpg 768w, https:\/\/noticiasveracruz.com\/wp-content\/uploads\/2024\/04\/ABR_20-1229x1536.jpg 1229w, https:\/\/noticiasveracruz.com\/wp-content\/uploads\/2024\/04\/ABR_20-1638x2048.jpg 1638w, https:\/\/noticiasveracruz.com\/wp-content\/uploads\/2024\/04\/ABR_20-scaled.jpg 2048w\" sizes=\"auto, (max-width: 240px) 100vw, 240px\" \/><\/p>\n<p><span style=\"font-size: 14pt;\">Este programa se llevar\u00e1 a cabo en dos hist\u00f3ricas presentaciones: viernes 19 de abril a las 20:00 h y s\u00e1bado 20 de abril a las 19:00 h. Desde el hogar de la Orquesta Sinf\u00f3nica de Xalapa: Tlaqn\u00e1, Centro Cultural.<\/span><\/p>\n<p><span style=\"font-size: 14pt;\">La poderosa Sinfon\u00eda No. 8 en mi bemol mayor de Gustav Mahler abarca un universo de emociones, canalizadas a trav\u00e9s de todo tipo de pasajes de reflexi\u00f3n \u00edntima hasta arrebatos abrumadores de sonido coral y orquestal. El motivo de llamar a esta obra sinfon\u00eda, se puede justificar por la interrelaci\u00f3n entre sus movimientos y por la forma sonata empleada en el primero. Mahler trata a las voces como otros instrumentos sinf\u00f3nicos y somete a todo el grupo a amplios juegos contrapunt\u00edsticos.<\/span><\/p>\n<p><img loading=\"lazy\" decoding=\"async\" class=\"alignnone size-medium wp-image-29363\" src=\"http:\/\/noticiasveracruz.com\/wp-content\/uploads\/2024\/04\/ABR_19-240x300.jpg\" alt=\"\" width=\"240\" height=\"300\" srcset=\"https:\/\/noticiasveracruz.com\/wp-content\/uploads\/2024\/04\/ABR_19-240x300.jpg 240w, https:\/\/noticiasveracruz.com\/wp-content\/uploads\/2024\/04\/ABR_19-819x1024.jpg 819w, https:\/\/noticiasveracruz.com\/wp-content\/uploads\/2024\/04\/ABR_19-768x960.jpg 768w, https:\/\/noticiasveracruz.com\/wp-content\/uploads\/2024\/04\/ABR_19-1229x1536.jpg 1229w, https:\/\/noticiasveracruz.com\/wp-content\/uploads\/2024\/04\/ABR_19-1638x2048.jpg 1638w, https:\/\/noticiasveracruz.com\/wp-content\/uploads\/2024\/04\/ABR_19-scaled.jpg 2048w\" sizes=\"auto, (max-width: 240px) 100vw, 240px\" \/><\/p>\n<p><span style=\"font-size: 14pt;\">La pieza est\u00e1 dividida en dos partes. La primera \u201cVeni, creator spiritus\u201d (ven, esp\u00edritu creador), utiliza como texto el Himno de Pentecost\u00e9s escrito en lat\u00edn por el Arzobispo de Mainz, Rabanus Maurus en el siglo IX, unas palabras que Mahler cambi\u00f3 seg\u00fan sus necesidades. Y la segunda, con la m\u00fasica compuesta, se adapt\u00f3 fielmente al texto faltante, no pod\u00eda ser de otro que del venerado dramaturgo Johann Wolfgang von Goethe, con la escena final de la segunda parte de su reconocida obra \u201cFausto\u201d.<\/span><\/p>\n<p><span style=\"font-size: 14pt;\">Puedes comprar tus boletos en l\u00ednea en www.orquestasinfonicadexalapa.com, Tienda UV, Tienda UV Museo de Antropolog\u00eda y Taquilla Tlaqn\u00e1.<\/span><\/p>\n<p><span style=\"font-size: 14pt;\">Correo electr\u00f3nico: mercadotecnia.osx@gmail.com.<\/span><\/p>\n","protected":false},"excerpt":{"rendered":"<p>Despu\u00e9s de 23 a\u00f1os, la \u201cSinfon\u00eda de los Mil\u201d por segunda vez en Xalapa M\u00e1s de 350 artistas en escena;<\/p>\n","protected":false},"author":4,"featured_media":29365,"comment_status":"closed","ping_status":"closed","sticky":false,"template":"","format":"standard","meta":{"colormag_page_container_layout":"default_layout","colormag_page_sidebar_layout":"default_layout","_jetpack_memberships_contains_paid_content":false,"footnotes":"","jetpack_publicize_message":"","jetpack_publicize_feature_enabled":true,"jetpack_social_post_already_shared":true,"jetpack_social_options":{"image_generator_settings":{"template":"highway","default_image_id":0,"font":"","enabled":false},"version":2}},"categories":[358,145,356],"tags":[],"class_list":["post-29362","post","type-post","status-publish","format-standard","has-post-thumbnail","hentry","category-cultura","category-estados","category-veracruz"],"jetpack_publicize_connections":[],"jetpack_featured_media_url":"https:\/\/noticiasveracruz.com\/wp-content\/uploads\/2024\/04\/Ensayo-12-Abril-Coro-4575-scaled.jpg","jetpack_sharing_enabled":true,"publishpress_future_action":{"enabled":false,"date":"2026-05-08 01:28:37","action":"change-status","newStatus":"draft","terms":[],"taxonomy":"category","extraData":[]},"publishpress_future_workflow_manual_trigger":{"enabledWorkflows":[]},"_links":{"self":[{"href":"https:\/\/noticiasveracruz.com\/index.php\/wp-json\/wp\/v2\/posts\/29362","targetHints":{"allow":["GET"]}}],"collection":[{"href":"https:\/\/noticiasveracruz.com\/index.php\/wp-json\/wp\/v2\/posts"}],"about":[{"href":"https:\/\/noticiasveracruz.com\/index.php\/wp-json\/wp\/v2\/types\/post"}],"author":[{"embeddable":true,"href":"https:\/\/noticiasveracruz.com\/index.php\/wp-json\/wp\/v2\/users\/4"}],"replies":[{"embeddable":true,"href":"https:\/\/noticiasveracruz.com\/index.php\/wp-json\/wp\/v2\/comments?post=29362"}],"version-history":[{"count":0,"href":"https:\/\/noticiasveracruz.com\/index.php\/wp-json\/wp\/v2\/posts\/29362\/revisions"}],"wp:featuredmedia":[{"embeddable":true,"href":"https:\/\/noticiasveracruz.com\/index.php\/wp-json\/wp\/v2\/media\/29365"}],"wp:attachment":[{"href":"https:\/\/noticiasveracruz.com\/index.php\/wp-json\/wp\/v2\/media?parent=29362"}],"wp:term":[{"taxonomy":"category","embeddable":true,"href":"https:\/\/noticiasveracruz.com\/index.php\/wp-json\/wp\/v2\/categories?post=29362"},{"taxonomy":"post_tag","embeddable":true,"href":"https:\/\/noticiasveracruz.com\/index.php\/wp-json\/wp\/v2\/tags?post=29362"}],"curies":[{"name":"wp","href":"https:\/\/api.w.org\/{rel}","templated":true}]}}