{"id":29349,"date":"2024-04-12T02:53:31","date_gmt":"2024-04-12T07:53:31","guid":{"rendered":"https:\/\/noticiasveracruz.com\/?p=29349"},"modified":"2024-04-12T02:53:31","modified_gmt":"2024-04-12T07:53:31","slug":"mexico-a-punto-de-comprar-a-eu-tecnologia-contra-fentanilo-por-mil-mdd","status":"publish","type":"post","link":"https:\/\/noticiasveracruz.com\/index.php\/2024\/04\/12\/mexico-a-punto-de-comprar-a-eu-tecnologia-contra-fentanilo-por-mil-mdd\/","title":{"rendered":"M\u00e9xico, \u201ca punto de comprar\u201d a EU tecnolog\u00eda contra fentanilo por mil mdd"},"content":{"rendered":"<p><span style=\"font-size: 14pt;\">Las autoridades mexicanas est\u00e1n \u00aba punto de comprar\u00bb a compa\u00f1\u00edas estadunidenses equipos de escaneo para combatir el tr\u00e1fico de fentanilo por valor de mil millones de d\u00f3lares, afirm\u00f3 este jueves un alto cargo del Departamento de Estado.<\/span><\/p>\n<p><span style=\"font-size: 14pt;\">Estados Unidos atraviesa una epidemia de droga, con m\u00e1s de 100 mil muertos en 2023, la mayor\u00eda de ellos por opioides sint\u00e9ticos como el fentanilo.<\/span><\/p>\n<p><span style=\"font-size: 14pt;\">Algunos congresistas republicanos acusan a M\u00e9xico de no hacer lo suficiente contra el tr\u00e1fico de fentanilo llevado a cabo, seg\u00fan Washington, por los <em>c\u00e1rteles<\/em> de la droga mexicanos.<\/span><\/p>\n<p><span style=\"font-size: 14pt;\">El congresista dem\u00f3crata Tim Kaine pregunt\u00f3 a Chris Landberg, subsecretario adjunto de la Oficina de Asuntos Internacionales sobre Estupefacientes y Aplicaci\u00f3n de la Ley del Departamento de Estado, qu\u00e9 calificaci\u00f3n dar\u00eda a M\u00e9xico en su cooperaci\u00f3n con Estados Unidos contra este flagelo.<\/span><\/p>\n<p><span style=\"font-size: 14pt;\">\u00ab\u00bfSe refiere a una calificaci\u00f3n con letras?\u00bb, dijo Landberg durante una sesi\u00f3n en el subcomit\u00e9 de Relaciones Exteriores del Senado sobre la lucha contra las redes delictivas transnacionales y la corrupci\u00f3n en Am\u00e9rica Latina y el Caribe.<\/span><\/p>\n<p><span style=\"font-size: 14pt;\">\u00abCreo que dar\u00eda una nota bastante alta al esfuerzo\u00bb pero como es la principal causa \u00abde muerte para los estadounidenses entre 18 y aproximadamente 50 (a\u00f1os) tenemos mucho trabajo por hacer\u00bb, afirm\u00f3 Landberg, quien estima que nadie merece \u00abuna calificaci\u00f3n A en la lucha contra el fentanilo\u00bb.<\/span><\/p>\n<p><span style=\"font-size: 14pt;\">\u00abLa relaci\u00f3n con M\u00e9xico es clave. Y estamos trabajando con ellos a todos los niveles\u00bb, tanto internacional, como trilateral, junto con Canad\u00e1, y bilateral, precis\u00f3.<\/span><\/p>\n<p><span style=\"font-size: 14pt;\">\u00abEl hecho de que est\u00e9n a punto de comprar 1.000 millones de d\u00f3lares a empresas estadounidenses en equipos de escaneado portuario muestra el compromiso\u00bb del gobierno mexicano de afrontar el flujo de precursores de fentanilo, a\u00f1adi\u00f3.<\/span><\/p>\n<p><span style=\"font-size: 14pt;\">\u00abEs una responsabilidad compartida\u00bb porque parte del flujo pasa por Estados Unidos aunque la mayor\u00eda de los precursores llegan a M\u00e9xico procedentes de China, afirm\u00f3 Landberg.<\/span><\/p>\n<p><span style=\"font-size: 14pt;\">\u00abEs una noticia positiva\u00bb, contest\u00f3 Kaine. A\u00f1adi\u00f3 que la informaci\u00f3n de la que dispone, aunque algo \u00abobsoleta\u00bb, muestra que las autoridades mexicanas han tardado en adoptar esta tecnolog\u00eda de escaneo en los puertos.<\/span><\/p>\n<p><span style=\"font-size: 14pt;\">Su colega republicano Marco Rubio estim\u00f3 que \u00abla clave est\u00e1 en la seguridad\u00bb y en interrumpir la afluencia de precursores qu\u00edmicos pero tambi\u00e9n de tecnolog\u00eda, como las prensas de pastillas y otros equipos.<\/span><\/p>\n<p><span style=\"font-size: 14pt;\">\u00abYa no se trata de Estados Unidos, ahora hay un creciente problema de consumo de fentanilo no s\u00f3lo en M\u00e9xico, sino en muchos otros pa\u00edses de la regi\u00f3n\u00bb, afirm\u00f3 Rubio.<\/span><\/p>\n","protected":false},"excerpt":{"rendered":"<p>Las autoridades mexicanas est\u00e1n \u00aba punto de comprar\u00bb a compa\u00f1\u00edas estadunidenses equipos de escaneo para combatir el tr\u00e1fico de fentanilo<\/p>\n","protected":false},"author":4,"featured_media":29350,"comment_status":"closed","ping_status":"closed","sticky":false,"template":"","format":"standard","meta":{"colormag_page_container_layout":"default_layout","colormag_page_sidebar_layout":"default_layout","_jetpack_memberships_contains_paid_content":false,"footnotes":"","jetpack_publicize_message":"","jetpack_publicize_feature_enabled":true,"jetpack_social_post_already_shared":true,"jetpack_social_options":{"image_generator_settings":{"template":"highway","default_image_id":0,"font":"","enabled":false},"version":2}},"categories":[355],"tags":[1537],"class_list":["post-29349","post","type-post","status-publish","format-standard","has-post-thumbnail","hentry","category-internacional","tag-fentanilo"],"jetpack_publicize_connections":[],"jetpack_featured_media_url":"https:\/\/noticiasveracruz.com\/wp-content\/uploads\/2024\/04\/fentanilo.jpeg","jetpack_sharing_enabled":true,"publishpress_future_action":{"enabled":false,"date":"2026-05-08 11:47:26","action":"change-status","newStatus":"draft","terms":[],"taxonomy":"category","extraData":[]},"publishpress_future_workflow_manual_trigger":{"enabledWorkflows":[]},"_links":{"self":[{"href":"https:\/\/noticiasveracruz.com\/index.php\/wp-json\/wp\/v2\/posts\/29349","targetHints":{"allow":["GET"]}}],"collection":[{"href":"https:\/\/noticiasveracruz.com\/index.php\/wp-json\/wp\/v2\/posts"}],"about":[{"href":"https:\/\/noticiasveracruz.com\/index.php\/wp-json\/wp\/v2\/types\/post"}],"author":[{"embeddable":true,"href":"https:\/\/noticiasveracruz.com\/index.php\/wp-json\/wp\/v2\/users\/4"}],"replies":[{"embeddable":true,"href":"https:\/\/noticiasveracruz.com\/index.php\/wp-json\/wp\/v2\/comments?post=29349"}],"version-history":[{"count":0,"href":"https:\/\/noticiasveracruz.com\/index.php\/wp-json\/wp\/v2\/posts\/29349\/revisions"}],"wp:featuredmedia":[{"embeddable":true,"href":"https:\/\/noticiasveracruz.com\/index.php\/wp-json\/wp\/v2\/media\/29350"}],"wp:attachment":[{"href":"https:\/\/noticiasveracruz.com\/index.php\/wp-json\/wp\/v2\/media?parent=29349"}],"wp:term":[{"taxonomy":"category","embeddable":true,"href":"https:\/\/noticiasveracruz.com\/index.php\/wp-json\/wp\/v2\/categories?post=29349"},{"taxonomy":"post_tag","embeddable":true,"href":"https:\/\/noticiasveracruz.com\/index.php\/wp-json\/wp\/v2\/tags?post=29349"}],"curies":[{"name":"wp","href":"https:\/\/api.w.org\/{rel}","templated":true}]}}