{"id":29345,"date":"2024-04-12T02:50:56","date_gmt":"2024-04-12T07:50:56","guid":{"rendered":"https:\/\/noticiasveracruz.com\/?p=29345"},"modified":"2024-04-12T02:50:56","modified_gmt":"2024-04-12T07:50:56","slug":"volvo-planea-edificar-nueva-planta-en-mexico","status":"publish","type":"post","link":"https:\/\/noticiasveracruz.com\/index.php\/2024\/04\/12\/volvo-planea-edificar-nueva-planta-en-mexico\/","title":{"rendered":"Volvo planea edificar nueva planta en M\u00e9xico"},"content":{"rendered":"<p><span style=\"font-size: 14pt;\">El fabricante sueco de veh\u00edculos AB Volvo dijo el jueves que construir\u00e1 una nueva planta de fabricaci\u00f3n de camiones pesados en M\u00e9xico para complementar la producci\u00f3n estadunidense del grupo.<\/span><\/p>\n<p><span style=\"font-size: 14pt;\">\u201cLa planta proporcionar\u00e1 capacidad adicional para apoyar los planes de crecimiento de Volvo Trucks y Mack Trucks en los mercados de Estados Unidos y Canad\u00e1, y apoyar las ventas de camiones Mack en M\u00e9xico y Am\u00e9rica Latina\u201d, dijo en un comunicado.<\/span><\/p>\n<p><span style=\"font-size: 14pt;\">Volvo espera que la planta est\u00e9 operativa en 2026, a\u00f1adi\u00f3.<\/span><\/p>\n","protected":false},"excerpt":{"rendered":"<p>El fabricante sueco de veh\u00edculos AB Volvo dijo el jueves que construir\u00e1 una nueva planta de fabricaci\u00f3n de camiones pesados<\/p>\n","protected":false},"author":4,"featured_media":29346,"comment_status":"closed","ping_status":"closed","sticky":false,"template":"","format":"standard","meta":{"colormag_page_container_layout":"default_layout","colormag_page_sidebar_layout":"default_layout","_jetpack_memberships_contains_paid_content":false,"footnotes":"","jetpack_publicize_message":"","jetpack_publicize_feature_enabled":true,"jetpack_social_post_already_shared":true,"jetpack_social_options":{"image_generator_settings":{"template":"highway","default_image_id":0,"font":"","enabled":false},"version":2}},"categories":[1947],"tags":[3199,3198],"class_list":["post-29345","post","type-post","status-publish","format-standard","has-post-thumbnail","hentry","category-economia","tag-planta","tag-volvo"],"jetpack_publicize_connections":[],"jetpack_featured_media_url":"https:\/\/noticiasveracruz.com\/wp-content\/uploads\/2024\/04\/VOLVO_SUECIA_CAR_LEON-1024x683-1.jpg","jetpack_sharing_enabled":true,"publishpress_future_action":{"enabled":false,"date":"2026-05-08 10:45:14","action":"change-status","newStatus":"draft","terms":[],"taxonomy":"category","extraData":[]},"publishpress_future_workflow_manual_trigger":{"enabledWorkflows":[]},"_links":{"self":[{"href":"https:\/\/noticiasveracruz.com\/index.php\/wp-json\/wp\/v2\/posts\/29345","targetHints":{"allow":["GET"]}}],"collection":[{"href":"https:\/\/noticiasveracruz.com\/index.php\/wp-json\/wp\/v2\/posts"}],"about":[{"href":"https:\/\/noticiasveracruz.com\/index.php\/wp-json\/wp\/v2\/types\/post"}],"author":[{"embeddable":true,"href":"https:\/\/noticiasveracruz.com\/index.php\/wp-json\/wp\/v2\/users\/4"}],"replies":[{"embeddable":true,"href":"https:\/\/noticiasveracruz.com\/index.php\/wp-json\/wp\/v2\/comments?post=29345"}],"version-history":[{"count":0,"href":"https:\/\/noticiasveracruz.com\/index.php\/wp-json\/wp\/v2\/posts\/29345\/revisions"}],"wp:featuredmedia":[{"embeddable":true,"href":"https:\/\/noticiasveracruz.com\/index.php\/wp-json\/wp\/v2\/media\/29346"}],"wp:attachment":[{"href":"https:\/\/noticiasveracruz.com\/index.php\/wp-json\/wp\/v2\/media?parent=29345"}],"wp:term":[{"taxonomy":"category","embeddable":true,"href":"https:\/\/noticiasveracruz.com\/index.php\/wp-json\/wp\/v2\/categories?post=29345"},{"taxonomy":"post_tag","embeddable":true,"href":"https:\/\/noticiasveracruz.com\/index.php\/wp-json\/wp\/v2\/tags?post=29345"}],"curies":[{"name":"wp","href":"https:\/\/api.w.org\/{rel}","templated":true}]}}