{"id":29335,"date":"2024-04-12T02:40:40","date_gmt":"2024-04-12T07:40:40","guid":{"rendered":"https:\/\/noticiasveracruz.com\/?p=29335"},"modified":"2024-04-12T02:40:40","modified_gmt":"2024-04-12T07:40:40","slug":"eu-recorta-pronostico-para-importaciones-de-azucar-mexicana","status":"publish","type":"post","link":"https:\/\/noticiasveracruz.com\/index.php\/2024\/04\/12\/eu-recorta-pronostico-para-importaciones-de-azucar-mexicana\/","title":{"rendered":"EU recorta pron\u00f3stico para importaciones de az\u00facar mexicana"},"content":{"rendered":"<p><span style=\"font-size: 14pt;\">El Gobierno de Estados Unidos redujo dr\u00e1sticamente su pron\u00f3stico sobre el volumen de az\u00facar mexicana que importar\u00e1 el pa\u00eds en la temporada 2023-2024, que va de octubre a septiembre, de acuerdo con un informe mensual del Departamento de Agricultura (USDA) publicado este jueves.<\/span><\/p>\n<p><span style=\"font-size: 14pt;\">Estados Unidos ahora espera importar s\u00f3lo 499 mil toneladas cortas (ST) de az\u00facar de M\u00e9xico, por debajo de una previsi\u00f3n de 666 mil ST que calcul\u00f3 en marzo.<\/span><\/p>\n<p><span style=\"font-size: 14pt;\">M\u00e9xico ha tenido dos a\u00f1os de peque\u00f1as cosechas de ca\u00f1a de az\u00facar que redujeron la cantidad que puede proporcionar a Estados Unidos, en virtud de un acuerdo comercial bilateral.<\/span><\/p>\n<p><span style=\"font-size: 14pt;\">El USDA redujo su previsi\u00f3n para la producci\u00f3n de az\u00facar de M\u00e9xico en el ciclo 2023-2024 a 4.57 millones de toneladas m\u00e9tricas desde 4.74 millones previstas en marzo y 5.22 millones en registradas en la campa\u00f1a 2022-2023.<\/span><\/p>\n<p><span style=\"font-size: 14pt;\">El cambio del USDA tambi\u00e9n se da en medio de quejas de la industria azucarera estadunidense de que M\u00e9xico estaba exportando az\u00facar que superaba su excedente, que es la cantidad que queda despu\u00e9s de considerar la producci\u00f3n y el uso local.<\/span><\/p>\n<p><span style=\"font-size: 14pt;\">El USDA elev\u00f3 su estimaci\u00f3n sobre las importaciones de az\u00facar estadunidenses que pagar\u00e1n el arancel m\u00e1s alto a 855 mil ST desde 715 mil ST en marzo, lo que significa que una mayor parte del suministro de az\u00facar en el pa\u00eds tendr\u00e1 precios m\u00e1s elevados.<\/span><\/p>\n<p><span style=\"font-size: 14pt;\">El nivel de suministro de az\u00facar en Estados Unidos cambi\u00f3 poco, con una relaci\u00f3n existencias-utilizaci\u00f3n de 13.5 por ciento.<\/span><\/p>\n","protected":false},"excerpt":{"rendered":"<p>El Gobierno de Estados Unidos redujo dr\u00e1sticamente su pron\u00f3stico sobre el volumen de az\u00facar mexicana que importar\u00e1 el pa\u00eds en<\/p>\n","protected":false},"author":4,"featured_media":29336,"comment_status":"closed","ping_status":"closed","sticky":false,"template":"","format":"standard","meta":{"colormag_page_container_layout":"default_layout","colormag_page_sidebar_layout":"default_layout","_jetpack_memberships_contains_paid_content":false,"footnotes":"","jetpack_publicize_message":"","jetpack_publicize_feature_enabled":true,"jetpack_social_post_already_shared":true,"jetpack_social_options":{"image_generator_settings":{"template":"highway","default_image_id":0,"font":"","enabled":false},"version":2}},"categories":[1947],"tags":[2739,152,1513],"class_list":["post-29335","post","type-post","status-publish","format-standard","has-post-thumbnail","hentry","category-economia","tag-azucar","tag-eu","tag-importacion"],"jetpack_publicize_connections":[],"jetpack_featured_media_url":"https:\/\/noticiasveracruz.com\/wp-content\/uploads\/2024\/04\/DICONSA_TRABAJADOR_COMUNITARIO_5.jpeg","jetpack_sharing_enabled":true,"publishpress_future_action":{"enabled":false,"date":"2026-05-08 09:54:10","action":"change-status","newStatus":"draft","terms":[],"taxonomy":"category","extraData":[]},"publishpress_future_workflow_manual_trigger":{"enabledWorkflows":[]},"_links":{"self":[{"href":"https:\/\/noticiasveracruz.com\/index.php\/wp-json\/wp\/v2\/posts\/29335","targetHints":{"allow":["GET"]}}],"collection":[{"href":"https:\/\/noticiasveracruz.com\/index.php\/wp-json\/wp\/v2\/posts"}],"about":[{"href":"https:\/\/noticiasveracruz.com\/index.php\/wp-json\/wp\/v2\/types\/post"}],"author":[{"embeddable":true,"href":"https:\/\/noticiasveracruz.com\/index.php\/wp-json\/wp\/v2\/users\/4"}],"replies":[{"embeddable":true,"href":"https:\/\/noticiasveracruz.com\/index.php\/wp-json\/wp\/v2\/comments?post=29335"}],"version-history":[{"count":0,"href":"https:\/\/noticiasveracruz.com\/index.php\/wp-json\/wp\/v2\/posts\/29335\/revisions"}],"wp:featuredmedia":[{"embeddable":true,"href":"https:\/\/noticiasveracruz.com\/index.php\/wp-json\/wp\/v2\/media\/29336"}],"wp:attachment":[{"href":"https:\/\/noticiasveracruz.com\/index.php\/wp-json\/wp\/v2\/media?parent=29335"}],"wp:term":[{"taxonomy":"category","embeddable":true,"href":"https:\/\/noticiasveracruz.com\/index.php\/wp-json\/wp\/v2\/categories?post=29335"},{"taxonomy":"post_tag","embeddable":true,"href":"https:\/\/noticiasveracruz.com\/index.php\/wp-json\/wp\/v2\/tags?post=29335"}],"curies":[{"name":"wp","href":"https:\/\/api.w.org\/{rel}","templated":true}]}}