{"id":29293,"date":"2024-04-11T12:46:17","date_gmt":"2024-04-11T17:46:17","guid":{"rendered":"https:\/\/noticiasveracruz.com\/?p=29293"},"modified":"2024-04-11T12:46:17","modified_gmt":"2024-04-11T17:46:17","slug":"cerca-de-20-mil-familias-se-beneficiaran-con-la-reclasificacion-de-tarifas-electricas","status":"publish","type":"post","link":"https:\/\/noticiasveracruz.com\/index.php\/2024\/04\/11\/cerca-de-20-mil-familias-se-beneficiaran-con-la-reclasificacion-de-tarifas-electricas\/","title":{"rendered":"Cerca de 20 mil familias se beneficiar\u00e1n con la reclasificaci\u00f3n de tarifas el\u00e9ctricas"},"content":{"rendered":"<p><span style=\"font-size: 14pt;\">Para el corte de marzo, las comunidades de los municipios aleda\u00f1os a la central nucleoel\u00e9ctrica de Laguna Verde lograron una reclasificaci\u00f3n de las tarifas de energ\u00eda el\u00e9ctrica, por lo que pasaron de la 1A a la 1B, as\u00ed lo dio a conocer el vocero del movimiento de Chucho El Roto, Jorge Morales Barradas.<\/span><\/p>\n<p><span style=\"font-size: 14pt;\">Lo anterior, explic\u00f3, no trae todos los beneficios de lo que la gente est\u00e1 buscando.<\/span><\/p>\n<p><span style=\"font-size: 14pt;\">\u201cNosotros estamos proponiendo la tarifa 1D para el litoral del Golfo de M\u00e9xico y en algunos municipios, por medio de la temperatura que se ha presentado en el litoral del Golfo, el incremento de las temperaturas, el cambio clim\u00e1tico y estos efectos de La Ni\u00f1a y El Ni\u00f1o, pues las temperaturas son extremosas\u201d, asever\u00f3.<\/span><\/p>\n<p><span style=\"font-size: 14pt;\">Por ello, la solicitud es que para que los reclasifiquen a la 1D, pero en otros tantos municipios esperan que se les d\u00e9 la tarifa 1F.<\/span><\/p>\n<p><span style=\"font-size: 14pt;\">Morales Barradas refiri\u00f3 que este martes el term\u00f3metro alcanz\u00f3 los 37 grados en Trapiche del Rosario y m\u00e1s de 38 grados en cuanto a la sensaci\u00f3n t\u00e9rmica.<\/span><\/p>\n<p><span style=\"font-size: 14pt;\">\u201cLa tarifa 1D no es la tarifa que debe tener la zona en la cual nosotros habitamos y en el litoral del Golfo, necesitamos seguir luchando por la reclasificaci\u00f3n de las tarifas de energ\u00eda. Las familias est\u00e1n motivadas viendo estos peque\u00f1os avances. Las miles de familias tenemos la certeza de que con la lucha social, el d\u00eda de hoy podemos tener un buen resultado y las familias se beneficien\u201d, indic\u00f3.<\/span><\/p>\n<p><span style=\"font-size: 14pt;\">El exaspirante a una diputaci\u00f3n por Morena, destac\u00f3 el logro para la gente del municipio de Actopan, en donde unas 20 mil familias afiliadas al movimiento de Chucho El Roto se ver\u00e1n beneficiadas.<\/span><\/p>\n","protected":false},"excerpt":{"rendered":"<p>Para el corte de marzo, las comunidades de los municipios aleda\u00f1os a la central nucleoel\u00e9ctrica de Laguna Verde lograron una<\/p>\n","protected":false},"author":4,"featured_media":29294,"comment_status":"closed","ping_status":"closed","sticky":false,"template":"","format":"standard","meta":{"colormag_page_container_layout":"default_layout","colormag_page_sidebar_layout":"default_layout","_jetpack_memberships_contains_paid_content":false,"footnotes":"","jetpack_publicize_message":"","jetpack_publicize_feature_enabled":true,"jetpack_social_post_already_shared":true,"jetpack_social_options":{"image_generator_settings":{"template":"highway","default_image_id":0,"font":"","enabled":false},"version":2}},"categories":[145,356],"tags":[],"class_list":["post-29293","post","type-post","status-publish","format-standard","has-post-thumbnail","hentry","category-estados","category-veracruz"],"jetpack_publicize_connections":[],"jetpack_featured_media_url":"https:\/\/noticiasveracruz.com\/wp-content\/uploads\/2024\/04\/Laguna-Verde-870x522-1.jpg","jetpack_sharing_enabled":true,"publishpress_future_action":{"enabled":false,"date":"2026-05-10 06:05:01","action":"change-status","newStatus":"draft","terms":[],"taxonomy":"category","extraData":[]},"publishpress_future_workflow_manual_trigger":{"enabledWorkflows":[]},"_links":{"self":[{"href":"https:\/\/noticiasveracruz.com\/index.php\/wp-json\/wp\/v2\/posts\/29293","targetHints":{"allow":["GET"]}}],"collection":[{"href":"https:\/\/noticiasveracruz.com\/index.php\/wp-json\/wp\/v2\/posts"}],"about":[{"href":"https:\/\/noticiasveracruz.com\/index.php\/wp-json\/wp\/v2\/types\/post"}],"author":[{"embeddable":true,"href":"https:\/\/noticiasveracruz.com\/index.php\/wp-json\/wp\/v2\/users\/4"}],"replies":[{"embeddable":true,"href":"https:\/\/noticiasveracruz.com\/index.php\/wp-json\/wp\/v2\/comments?post=29293"}],"version-history":[{"count":0,"href":"https:\/\/noticiasveracruz.com\/index.php\/wp-json\/wp\/v2\/posts\/29293\/revisions"}],"wp:featuredmedia":[{"embeddable":true,"href":"https:\/\/noticiasveracruz.com\/index.php\/wp-json\/wp\/v2\/media\/29294"}],"wp:attachment":[{"href":"https:\/\/noticiasveracruz.com\/index.php\/wp-json\/wp\/v2\/media?parent=29293"}],"wp:term":[{"taxonomy":"category","embeddable":true,"href":"https:\/\/noticiasveracruz.com\/index.php\/wp-json\/wp\/v2\/categories?post=29293"},{"taxonomy":"post_tag","embeddable":true,"href":"https:\/\/noticiasveracruz.com\/index.php\/wp-json\/wp\/v2\/tags?post=29293"}],"curies":[{"name":"wp","href":"https:\/\/api.w.org\/{rel}","templated":true}]}}