{"id":29288,"date":"2024-04-11T01:55:00","date_gmt":"2024-04-11T06:55:00","guid":{"rendered":"https:\/\/noticiasveracruz.com\/?p=29288"},"modified":"2024-04-11T01:55:00","modified_gmt":"2024-04-11T06:55:00","slug":"el-poder-politico-y-sus-opiniones","status":"publish","type":"post","link":"https:\/\/noticiasveracruz.com\/index.php\/2024\/04\/11\/el-poder-politico-y-sus-opiniones\/","title":{"rendered":"El poder pol\u00edtico y sus opiniones"},"content":{"rendered":"<p><span style=\"font-size: 14pt;\"><strong>Por Alberto Woolrich Ort\u00edz<\/strong><\/span><\/p>\n<p><span style=\"font-size: 14pt;\">En \u00e9sta Cuarta Transformaci\u00f3n de la Naci\u00f3n para infortunio de nuestro M\u00e9xico se ha potencializado lo que bien podr\u00eda denominarse &lt;la vulgarizaci\u00f3n de las actuaciones pol\u00edticas y de los conceptos vertidos a trav\u00e9s de la tribuna ma\u00f1anera de Andr\u00e9s Manuel L\u00f3pez Obrador y, su posterior utilizaci\u00f3n medi\u00e1tica seg\u00fan el inter\u00e9s de sus ocurrencias&gt;. En efecto, inmediatamente de producirse las ingeniosidades presidenciales, se hace no una valoraci\u00f3n objetiva del hecho, sino un mandato pronto a ser obedecido por sus adeptos, pero esa evaluaci\u00f3n no se efect\u00faa en sede jur\u00eddica, sino en sede de complicidad. Debido a que la responsabilidad jur\u00eddica opera en un sentido diferente a los hechos pol\u00edticos que son difundidos en esa tarima para proteger a la narco-delincuencia.<\/span><\/p>\n<p><span style=\"font-size: 14pt;\">Sin embargo, estos eventos de confusi\u00f3n intencionada generan que los temas de justicia se conviertan en el centro del debate presidencial, consiguiendo con ello la politizaci\u00f3n de la justicia (no la judicializaci\u00f3n de la narco-pol\u00edtica) y que se hable y opine de ello con la frivolidad propia de carpas arrabaleras.<\/span><\/p>\n<p><span style=\"font-size: 14pt;\">El Poder Ejecutivo y sus aplaudidores en esas tribunas, confunden t\u00e9rminos y conceptos, hablan y opinan de lo que no saben; sus palabras netamente partidistas se convierten en contiendas y luchas interminables para que, alg\u00fan d\u00eda salga a relucir la verdad presentada a la opini\u00f3n p\u00fablica, sin que ninguna de sus decisiones presidenciales sea capaz de conducir al \u00fanico y verdadero narco-pol\u00edtico a la c\u00e1rcel, porque no le interesa a Andr\u00e9s Manuel L\u00f3pez Obrador que ello as\u00ed se efect\u00fae. De esta forma, la confusi\u00f3n derivada de esos p\u00falpitos tempraneros concede a un solo beneficiario el poder de la impunidad, ese beneficiario es el poder tras el poder, el poder de la narco-pol\u00edtica.<\/span><\/p>\n<p><span style=\"font-size: 14pt;\">Esa forma de gobernar del Primer Magistrado de la Naci\u00f3n, al s\u00f3lo opinar de temas que \u00e9l dice conocer, favorece de manera sistem\u00e1tica al narco-pol\u00edtico creador de alianzas con la delincuencia y consecuentemente a enturbiar la justicia, ya que al crear ese desconcierto con sus insidias y malas intenciones s\u00f3lo evita la investigaci\u00f3n que M\u00e9xico requiere.<\/span><\/p>\n<p><span style=\"font-size: 14pt;\">En ese y con ese juego peligroso de la insidia pol\u00edtica, la justicia se encuentra perdiendo y, al final el delincuente del poder narco pol\u00edtico saldr\u00e1 impune. M\u00e9xico vive obligado a hacer fracasar estrepitosamente la impunidad, de lo contrario, Andr\u00e9s Manuel L\u00f3pez Obrador se convertir\u00eda en c\u00f3mplice y la historia as\u00ed lo juzgar\u00e1.<\/span><\/p>\n<p><span style=\"font-size: 14pt;\">Es cu\u00e1nto.<\/span><\/p>\n<p><img loading=\"lazy\" decoding=\"async\" class=\"alignnone wp-image-29026 size-full\" src=\"http:\/\/noticiasveracruz.com\/wp-content\/uploads\/2024\/04\/FIRMA-EDITORIAL-PD-1.jpg\" alt=\"\" width=\"1024\" height=\"125\" srcset=\"https:\/\/noticiasveracruz.com\/wp-content\/uploads\/2024\/04\/FIRMA-EDITORIAL-PD-1.jpg 1024w, https:\/\/noticiasveracruz.com\/wp-content\/uploads\/2024\/04\/FIRMA-EDITORIAL-PD-1-300x37.jpg 300w, https:\/\/noticiasveracruz.com\/wp-content\/uploads\/2024\/04\/FIRMA-EDITORIAL-PD-1-768x94.jpg 768w\" sizes=\"auto, (max-width: 1024px) 100vw, 1024px\" \/><\/p>\n","protected":false},"excerpt":{"rendered":"<p>Por Alberto Woolrich Ort\u00edz En \u00e9sta Cuarta Transformaci\u00f3n de la Naci\u00f3n para infortunio de nuestro M\u00e9xico se ha potencializado lo<\/p>\n","protected":false},"author":4,"featured_media":3616,"comment_status":"closed","ping_status":"closed","sticky":false,"template":"","format":"standard","meta":{"colormag_page_container_layout":"default_layout","colormag_page_sidebar_layout":"default_layout","_jetpack_memberships_contains_paid_content":false,"footnotes":"","jetpack_publicize_message":"","jetpack_publicize_feature_enabled":true,"jetpack_social_post_already_shared":true,"jetpack_social_options":{"image_generator_settings":{"template":"highway","default_image_id":0,"font":"","enabled":false},"version":2}},"categories":[6],"tags":[],"class_list":["post-29288","post","type-post","status-publish","format-standard","has-post-thumbnail","hentry","category-columnistas"],"jetpack_publicize_connections":[],"jetpack_featured_media_url":"https:\/\/noticiasveracruz.com\/wp-content\/uploads\/2022\/04\/NV-ALBERTO-WOOLRICH-1.png","jetpack_sharing_enabled":true,"publishpress_future_action":{"enabled":false,"date":"2026-05-10 04:20:44","action":"change-status","newStatus":"draft","terms":[],"taxonomy":"category","extraData":[]},"publishpress_future_workflow_manual_trigger":{"enabledWorkflows":[]},"_links":{"self":[{"href":"https:\/\/noticiasveracruz.com\/index.php\/wp-json\/wp\/v2\/posts\/29288","targetHints":{"allow":["GET"]}}],"collection":[{"href":"https:\/\/noticiasveracruz.com\/index.php\/wp-json\/wp\/v2\/posts"}],"about":[{"href":"https:\/\/noticiasveracruz.com\/index.php\/wp-json\/wp\/v2\/types\/post"}],"author":[{"embeddable":true,"href":"https:\/\/noticiasveracruz.com\/index.php\/wp-json\/wp\/v2\/users\/4"}],"replies":[{"embeddable":true,"href":"https:\/\/noticiasveracruz.com\/index.php\/wp-json\/wp\/v2\/comments?post=29288"}],"version-history":[{"count":0,"href":"https:\/\/noticiasveracruz.com\/index.php\/wp-json\/wp\/v2\/posts\/29288\/revisions"}],"wp:featuredmedia":[{"embeddable":true,"href":"https:\/\/noticiasveracruz.com\/index.php\/wp-json\/wp\/v2\/media\/3616"}],"wp:attachment":[{"href":"https:\/\/noticiasveracruz.com\/index.php\/wp-json\/wp\/v2\/media?parent=29288"}],"wp:term":[{"taxonomy":"category","embeddable":true,"href":"https:\/\/noticiasveracruz.com\/index.php\/wp-json\/wp\/v2\/categories?post=29288"},{"taxonomy":"post_tag","embeddable":true,"href":"https:\/\/noticiasveracruz.com\/index.php\/wp-json\/wp\/v2\/tags?post=29288"}],"curies":[{"name":"wp","href":"https:\/\/api.w.org\/{rel}","templated":true}]}}