{"id":29223,"date":"2024-04-10T19:58:09","date_gmt":"2024-04-11T00:58:09","guid":{"rendered":"https:\/\/noticiasveracruz.com\/?p=29223"},"modified":"2024-04-10T19:58:09","modified_gmt":"2024-04-11T00:58:09","slug":"confirmado-debate-entre-candidatos-a-gubernatura","status":"publish","type":"post","link":"https:\/\/noticiasveracruz.com\/index.php\/2024\/04\/10\/confirmado-debate-entre-candidatos-a-gubernatura\/","title":{"rendered":"Confirmado debate entre candidatos a gubernatura"},"content":{"rendered":"<p><span style=\"font-size: 14pt;\">Los tres candidatos a la gubernatura del estado ya aceptaron participar en los debates organizados por el Organismo P\u00fablico Local Electoral (OPLE), inform\u00f3 la consejera presidenta Marisol Delgadillo Morales.<\/span><\/p>\n<p><span style=\"font-size: 14pt;\">En entrevista, indic\u00f3 que recibieron las solicitudes de inter\u00e9s de participaci\u00f3n de los candidatos de la coalici\u00f3n \u201cFuerza y Coraz\u00f3n por Veracruz\u201d, Jos\u00e9 Yunes Zorrilla; la abanderada de la coalici\u00f3n \u201cSigamos haciendo historia\u201d, Roc\u00edo Nahle Garc\u00eda y el candidato de Movimiento Ciudadano, Hip\u00f3lito Deschamps Espino Barros.<\/span><\/p>\n<p><span style=\"font-size: 14pt;\">\u201cTenemos ya las solicitudes de inter\u00e9s de participaci\u00f3n por parte de las tres candidaturas a la gubernatura\u201d, dijo.<\/span><\/p>\n<p><span style=\"font-size: 14pt;\">La consejera presidenta record\u00f3 que fueron aprobados dos debates entre candidatos a gobernador, en Xalapa y Boca del R\u00edo; el primero de ellos se realizar\u00e1 el 27 de abril a las 6 de la tarde en el Museo de Antropolog\u00eda de Xalapa.<\/span><\/p>\n<p><span style=\"font-size: 14pt;\">Tambi\u00e9n coment\u00f3 que las tem\u00e1ticas de las que se estar\u00e1n hablando fueron previamente establecidas a trav\u00e9s de consensos derivados de la Comisi\u00f3n de Debates.<\/span><\/p>\n<p><span style=\"font-size: 14pt;\">\u201cTenemos un instrumentado, una comisi\u00f3n especial de debates integrada por consejeras y consejeros donde junto con los partidos pol\u00edticos y las coaliciones se debati\u00f3 sobre toda la metodolog\u00eda que se iba a implementar para cada uno de estos debates\u201d.<\/span><\/p>\n<p><span style=\"font-size: 14pt;\">En cuanto al tema de violencia pol\u00edtica en raz\u00f3n de g\u00e9nero, la consejera presidenta indic\u00f3 que el OPLE actualmente tiene instaurados siete procedimientos de quejas en lo que va del a\u00f1o.<\/span><\/p>\n<p><span style=\"font-size: 14pt;\">No obstante, aclar\u00f3 que hasta ahora ninguna de estas quejas ha sido presentada por alguna candidata.<\/span><\/p>\n<p><span style=\"font-size: 14pt;\">\u201cEn lo que va del presente a\u00f1o, estrictamente de una candidatura no lo tenemos identificado. Como tal y de manera formal nosotros no tenemos ninguna queja de ninguna candidatura. Me parece que las campa\u00f1as est\u00e1n desarroll\u00e1ndose, evidentemente las estrategias de uno y otro partido les corresponden a las candidaturas y a los partidos pol\u00edticos que les postulan\u201d.<\/span><\/p>\n","protected":false},"excerpt":{"rendered":"<p>Los tres candidatos a la gubernatura del estado ya aceptaron participar en los debates organizados por el Organismo P\u00fablico Local Electoral (OPLE), inform\u00f3 la consejera presidenta Marisol Delgadillo Morales. En entrevista, indic\u00f3 que recibieron las solicitudes de inter\u00e9s de participaci\u00f3n de los candidatos de la coalici\u00f3n \u201cFuerza y Coraz\u00f3n por Veracruz\u201d, Jos\u00e9 Yunes Zorrilla; la [&hellip;]<\/p>\n","protected":false},"author":4,"featured_media":29224,"comment_status":"closed","ping_status":"closed","sticky":false,"template":"","format":"standard","meta":{"_jetpack_newsletter_access":"","_jetpack_dont_email_post_to_subs":false,"_jetpack_newsletter_tier_id":0,"_jetpack_memberships_contains_paywalled_content":false,"_jetpack_feature_clip_id":0,"_jetpack_memberships_contains_paid_content":false,"footnotes":"","jetpack_publicize_message":"","jetpack_publicize_feature_enabled":true,"jetpack_social_post_already_shared":true,"jetpack_social_options":{"image_generator_settings":{"template":"highway","default_image_id":0,"font":"","enabled":false},"version":2},"jetpack_post_was_ever_published":false},"categories":[145,356],"tags":[],"class_list":["post-29223","post","type-post","status-publish","format-standard","has-post-thumbnail","hentry","category-estados","category-veracruz"],"jetpack_publicize_connections":[],"jetpack_sharing_enabled":true,"publishpress_future_action":{"enabled":false,"date":"2026-09-08 03:55:52","action":"change-status","newStatus":"draft","terms":[],"taxonomy":"category","extraData":[]},"publishpress_future_workflow_manual_trigger":{"enabledWorkflows":[]},"jetpack_featured_media_url":"https:\/\/noticiasveracruz.com\/wp-content\/uploads\/2024\/04\/Candidatos-a-la-gubernatura-de-Veracruz.jpg","_links":{"self":[{"href":"https:\/\/noticiasveracruz.com\/index.php\/wp-json\/wp\/v2\/posts\/29223","targetHints":{"allow":["GET"]}}],"collection":[{"href":"https:\/\/noticiasveracruz.com\/index.php\/wp-json\/wp\/v2\/posts"}],"about":[{"href":"https:\/\/noticiasveracruz.com\/index.php\/wp-json\/wp\/v2\/types\/post"}],"author":[{"embeddable":true,"href":"https:\/\/noticiasveracruz.com\/index.php\/wp-json\/wp\/v2\/users\/4"}],"replies":[{"embeddable":true,"href":"https:\/\/noticiasveracruz.com\/index.php\/wp-json\/wp\/v2\/comments?post=29223"}],"version-history":[{"count":0,"href":"https:\/\/noticiasveracruz.com\/index.php\/wp-json\/wp\/v2\/posts\/29223\/revisions"}],"wp:featuredmedia":[{"embeddable":true,"href":"https:\/\/noticiasveracruz.com\/index.php\/wp-json\/wp\/v2\/media\/29224"}],"wp:attachment":[{"href":"https:\/\/noticiasveracruz.com\/index.php\/wp-json\/wp\/v2\/media?parent=29223"}],"wp:term":[{"taxonomy":"category","embeddable":true,"href":"https:\/\/noticiasveracruz.com\/index.php\/wp-json\/wp\/v2\/categories?post=29223"},{"taxonomy":"post_tag","embeddable":true,"href":"https:\/\/noticiasveracruz.com\/index.php\/wp-json\/wp\/v2\/tags?post=29223"}],"curies":[{"name":"wp","href":"https:\/\/api.w.org\/{rel}","templated":true}]}}