{"id":29174,"date":"2024-04-10T08:50:01","date_gmt":"2024-04-10T13:50:01","guid":{"rendered":"https:\/\/noticiasveracruz.com\/?p=29174"},"modified":"2024-04-10T08:50:01","modified_gmt":"2024-04-10T13:50:01","slug":"en-agosto-operara-el-hospital-materno-infantil","status":"publish","type":"post","link":"https:\/\/noticiasveracruz.com\/index.php\/2024\/04\/10\/en-agosto-operara-el-hospital-materno-infantil\/","title":{"rendered":"En agosto operar\u00e1 el Hospital Materno Infantil"},"content":{"rendered":"<p><span style=\"font-size: 14pt;\">Coatzacoalcos.- En agosto, el Hospital Materno Infantil de Coatzacoalcos se pondr\u00e1 en operaciones, confirm\u00f3 durante la conferencia ma\u00f1anera el director general del Instituto Mexicano del Seguro Social (IMSS), Zo\u00e9 Robledo.<\/span><\/p>\n<p><span style=\"font-size: 14pt;\">Precis\u00f3 que esto forma parte del proceso de conclusi\u00f3n de 33 hospitales para este sexenio integr\u00e1ndolos a los servicios de salud IMSS Bienestar.<\/span><\/p>\n<p><span style=\"font-size: 14pt;\">Record\u00f3 que el Hospital Materno Infantil fue de las unidades que fueron utilizadas para la atenci\u00f3n de pacientes con coronavirus durante la pandemia.<\/span><\/p>\n<p><span style=\"font-size: 14pt;\">En enero de este a\u00f1o el director del IMSS inform\u00f3 que para poner en operaci\u00f3n el hospital se necesitan 90 millones de pesos.<\/span><\/p>\n<p><span style=\"font-size: 14pt;\">La unidad m\u00e9dica ha estado cerrada desde hace dos a\u00f1os, a pesar de haber sido el hospital donde se firm\u00f3 el acuerdo entre el Gobierno de Veracruz e IMSS Bienestar para ampliar el plan de operaci\u00f3n de programa federal para rescatar centros de salud y hospitales.<\/span><\/p>\n<p><span style=\"font-size: 14pt;\">Se\u00f1al\u00f3 de 2019 a 2024 se han intervenido 214 hospitales con inversi\u00f3n de tres mil 684 millones de pesos, adem\u00e1s, se concluyeron obras de 103 hospitales b\u00e1sicos, 102 generales y nueve de especialidades, acciones para reabrir servicios que no operaban.<\/span><\/p>\n","protected":false},"excerpt":{"rendered":"<p>Coatzacoalcos.- En agosto, el Hospital Materno Infantil de Coatzacoalcos se pondr\u00e1 en operaciones, confirm\u00f3 durante la conferencia ma\u00f1anera el director general del Instituto Mexicano del Seguro Social (IMSS), Zo\u00e9 Robledo. Precis\u00f3 que esto forma parte del proceso de conclusi\u00f3n de 33 hospitales para este sexenio integr\u00e1ndolos a los servicios de salud IMSS Bienestar. Record\u00f3 que [&hellip;]<\/p>\n","protected":false},"author":4,"featured_media":29175,"comment_status":"closed","ping_status":"closed","sticky":false,"template":"","format":"standard","meta":{"_jetpack_newsletter_access":"","_jetpack_dont_email_post_to_subs":false,"_jetpack_newsletter_tier_id":0,"_jetpack_memberships_contains_paywalled_content":false,"_jetpack_feature_clip_id":0,"_jetpack_memberships_contains_paid_content":false,"footnotes":"","jetpack_publicize_message":"","jetpack_publicize_feature_enabled":true,"jetpack_social_post_already_shared":true,"jetpack_social_options":{"image_generator_settings":{"template":"highway","default_image_id":0,"font":"","enabled":false},"version":2},"jetpack_post_was_ever_published":false},"categories":[145,356],"tags":[],"class_list":["post-29174","post","type-post","status-publish","format-standard","has-post-thumbnail","hentry","category-estados","category-veracruz"],"jetpack_publicize_connections":[],"jetpack_sharing_enabled":true,"publishpress_future_action":{"enabled":false,"date":"2026-09-08 03:55:32","action":"change-status","newStatus":"draft","terms":[],"taxonomy":"category","extraData":[]},"publishpress_future_workflow_manual_trigger":{"enabledWorkflows":[]},"jetpack_featured_media_url":"https:\/\/noticiasveracruz.com\/wp-content\/uploads\/2024\/04\/9b-1.jpg","_links":{"self":[{"href":"https:\/\/noticiasveracruz.com\/index.php\/wp-json\/wp\/v2\/posts\/29174","targetHints":{"allow":["GET"]}}],"collection":[{"href":"https:\/\/noticiasveracruz.com\/index.php\/wp-json\/wp\/v2\/posts"}],"about":[{"href":"https:\/\/noticiasveracruz.com\/index.php\/wp-json\/wp\/v2\/types\/post"}],"author":[{"embeddable":true,"href":"https:\/\/noticiasveracruz.com\/index.php\/wp-json\/wp\/v2\/users\/4"}],"replies":[{"embeddable":true,"href":"https:\/\/noticiasveracruz.com\/index.php\/wp-json\/wp\/v2\/comments?post=29174"}],"version-history":[{"count":0,"href":"https:\/\/noticiasveracruz.com\/index.php\/wp-json\/wp\/v2\/posts\/29174\/revisions"}],"wp:featuredmedia":[{"embeddable":true,"href":"https:\/\/noticiasveracruz.com\/index.php\/wp-json\/wp\/v2\/media\/29175"}],"wp:attachment":[{"href":"https:\/\/noticiasveracruz.com\/index.php\/wp-json\/wp\/v2\/media?parent=29174"}],"wp:term":[{"taxonomy":"category","embeddable":true,"href":"https:\/\/noticiasveracruz.com\/index.php\/wp-json\/wp\/v2\/categories?post=29174"},{"taxonomy":"post_tag","embeddable":true,"href":"https:\/\/noticiasveracruz.com\/index.php\/wp-json\/wp\/v2\/tags?post=29174"}],"curies":[{"name":"wp","href":"https:\/\/api.w.org\/{rel}","templated":true}]}}