{"id":28937,"date":"2024-04-06T00:22:42","date_gmt":"2024-04-06T06:22:42","guid":{"rendered":"https:\/\/noticiasveracruz.com\/?p=28937"},"modified":"2024-04-06T00:22:42","modified_gmt":"2024-04-06T06:22:42","slug":"hay-nuevos-titulares-en-la-direccion-de-servicios-publicos-municipales-y-en-la-coordinacion-de-limpia-publica","status":"publish","type":"post","link":"https:\/\/noticiasveracruz.com\/index.php\/2024\/04\/06\/hay-nuevos-titulares-en-la-direccion-de-servicios-publicos-municipales-y-en-la-coordinacion-de-limpia-publica\/","title":{"rendered":"Hay nuevos titulares en la Direcci\u00f3n de Servicios P\u00fablicos Municipales y en la Coordinaci\u00f3n de Limpia P\u00fablica"},"content":{"rendered":"<p><span style=\"font-size: 14pt;\"><strong>\u2022 El presidente municipal Lic. Jos\u00e9 Manuel Pozos Castro, entreg\u00f3 los nombramientos<\/strong><\/span><\/p>\n<p><span style=\"font-size: 14pt;\">Tuxpan, Ver.- Esta noche, el presidente municipal Jos\u00e9 Manuel Pozos Castro nombr\u00f3 al Lic. Jes\u00fas Rosas Bautista como nuevo Director de Servicios P\u00fablicos Municipales.<\/span><\/p>\n<p><img loading=\"lazy\" decoding=\"async\" class=\"alignnone size-medium wp-image-28940\" src=\"http:\/\/noticiasveracruz.com\/wp-content\/uploads\/2024\/04\/WhatsApp-Image-2024-04-05-at-21.05.09-300x201.jpeg\" alt=\"\" width=\"300\" height=\"201\" srcset=\"https:\/\/noticiasveracruz.com\/wp-content\/uploads\/2024\/04\/WhatsApp-Image-2024-04-05-at-21.05.09-300x201.jpeg 300w, https:\/\/noticiasveracruz.com\/wp-content\/uploads\/2024\/04\/WhatsApp-Image-2024-04-05-at-21.05.09-1024x687.jpeg 1024w, https:\/\/noticiasveracruz.com\/wp-content\/uploads\/2024\/04\/WhatsApp-Image-2024-04-05-at-21.05.09-768x516.jpeg 768w, https:\/\/noticiasveracruz.com\/wp-content\/uploads\/2024\/04\/WhatsApp-Image-2024-04-05-at-21.05.09-1536x1031.jpeg 1536w, https:\/\/noticiasveracruz.com\/wp-content\/uploads\/2024\/04\/WhatsApp-Image-2024-04-05-at-21.05.09.jpeg 1600w\" sizes=\"auto, (max-width: 300px) 100vw, 300px\" \/><\/p>\n<p><span style=\"font-size: 14pt;\">De igual manera, entreg\u00f3 nombramiento al Lic. Nelson Hern\u00e1ndez Cruz como nuevo Coordinador de Limpia P\u00fablica.<\/span><\/p>\n<p><img loading=\"lazy\" decoding=\"async\" class=\"alignnone size-medium wp-image-28938\" src=\"http:\/\/noticiasveracruz.com\/wp-content\/uploads\/2024\/04\/WhatsApp-Image-2024-04-05-at-21.05.081-300x216.jpeg\" alt=\"\" width=\"300\" height=\"216\" srcset=\"https:\/\/noticiasveracruz.com\/wp-content\/uploads\/2024\/04\/WhatsApp-Image-2024-04-05-at-21.05.081-300x216.jpeg 300w, https:\/\/noticiasveracruz.com\/wp-content\/uploads\/2024\/04\/WhatsApp-Image-2024-04-05-at-21.05.081-1024x739.jpeg 1024w, https:\/\/noticiasveracruz.com\/wp-content\/uploads\/2024\/04\/WhatsApp-Image-2024-04-05-at-21.05.081-768x554.jpeg 768w, https:\/\/noticiasveracruz.com\/wp-content\/uploads\/2024\/04\/WhatsApp-Image-2024-04-05-at-21.05.081-1536x1108.jpeg 1536w, https:\/\/noticiasveracruz.com\/wp-content\/uploads\/2024\/04\/WhatsApp-Image-2024-04-05-at-21.05.081.jpeg 1600w\" sizes=\"auto, (max-width: 300px) 100vw, 300px\" \/><\/p>\n<p><span style=\"font-size: 14pt;\">\u201cEstoy seguro de que habr\u00e1n de cumplir eficientemente la encomienda que hoy toman en beneficio de las y los tuxpe\u00f1os\u201d, expres\u00f3 el Alcalde durante la entrega de nombramientos.<\/span><\/p>\n<p><span style=\"font-size: 14pt;\">\u2026\u2026\u2026<\/span><br \/>\n<span style=\"font-size: 14pt;\">* Esta informaci\u00f3n es con fines de transparencia y operatividad de las acciones de gobierno de servicio a la poblaci\u00f3n, no puede usarse ni atribuirse a ning\u00fan partido pol\u00edtico con fines electorales o de promoci\u00f3n.<\/span><\/p>\n","protected":false},"excerpt":{"rendered":"<p>\u2022 El presidente municipal Lic. Jos\u00e9 Manuel Pozos Castro, entreg\u00f3 los nombramientos Tuxpan, Ver.- Esta noche, el presidente municipal Jos\u00e9 Manuel Pozos Castro nombr\u00f3 al Lic. Jes\u00fas Rosas Bautista como nuevo Director de Servicios P\u00fablicos Municipales. De igual manera, entreg\u00f3 nombramiento al Lic. Nelson Hern\u00e1ndez Cruz como nuevo Coordinador de Limpia P\u00fablica. \u201cEstoy seguro de [&hellip;]<\/p>\n","protected":false},"author":4,"featured_media":28939,"comment_status":"closed","ping_status":"closed","sticky":false,"template":"","format":"standard","meta":{"_jetpack_newsletter_access":"","_jetpack_dont_email_post_to_subs":false,"_jetpack_newsletter_tier_id":0,"_jetpack_memberships_contains_paywalled_content":false,"_jetpack_feature_clip_id":0,"_jetpack_memberships_contains_paid_content":false,"footnotes":"","jetpack_publicize_message":"","jetpack_publicize_feature_enabled":true,"jetpack_social_post_already_shared":true,"jetpack_social_options":{"image_generator_settings":{"template":"highway","default_image_id":0,"font":"","enabled":false},"version":2},"jetpack_post_was_ever_published":false},"categories":[145,356],"tags":[],"class_list":["post-28937","post","type-post","status-publish","format-standard","has-post-thumbnail","hentry","category-estados","category-veracruz"],"jetpack_publicize_connections":[],"jetpack_sharing_enabled":true,"publishpress_future_action":{"enabled":false,"date":"2026-09-08 02:17:17","action":"change-status","newStatus":"draft","terms":[],"taxonomy":"category","extraData":[]},"publishpress_future_workflow_manual_trigger":{"enabledWorkflows":[]},"jetpack_featured_media_url":"https:\/\/noticiasveracruz.com\/wp-content\/uploads\/2024\/04\/WhatsApp-Image-2024-04-05-at-21.05.08.jpeg","_links":{"self":[{"href":"https:\/\/noticiasveracruz.com\/index.php\/wp-json\/wp\/v2\/posts\/28937","targetHints":{"allow":["GET"]}}],"collection":[{"href":"https:\/\/noticiasveracruz.com\/index.php\/wp-json\/wp\/v2\/posts"}],"about":[{"href":"https:\/\/noticiasveracruz.com\/index.php\/wp-json\/wp\/v2\/types\/post"}],"author":[{"embeddable":true,"href":"https:\/\/noticiasveracruz.com\/index.php\/wp-json\/wp\/v2\/users\/4"}],"replies":[{"embeddable":true,"href":"https:\/\/noticiasveracruz.com\/index.php\/wp-json\/wp\/v2\/comments?post=28937"}],"version-history":[{"count":0,"href":"https:\/\/noticiasveracruz.com\/index.php\/wp-json\/wp\/v2\/posts\/28937\/revisions"}],"wp:featuredmedia":[{"embeddable":true,"href":"https:\/\/noticiasveracruz.com\/index.php\/wp-json\/wp\/v2\/media\/28939"}],"wp:attachment":[{"href":"https:\/\/noticiasveracruz.com\/index.php\/wp-json\/wp\/v2\/media?parent=28937"}],"wp:term":[{"taxonomy":"category","embeddable":true,"href":"https:\/\/noticiasveracruz.com\/index.php\/wp-json\/wp\/v2\/categories?post=28937"},{"taxonomy":"post_tag","embeddable":true,"href":"https:\/\/noticiasveracruz.com\/index.php\/wp-json\/wp\/v2\/tags?post=28937"}],"curies":[{"name":"wp","href":"https:\/\/api.w.org\/{rel}","templated":true}]}}