{"id":28550,"date":"2024-04-01T08:35:43","date_gmt":"2024-04-01T14:35:43","guid":{"rendered":"https:\/\/noticiasveracruz.com\/?p=28550"},"modified":"2024-04-01T08:35:43","modified_gmt":"2024-04-01T14:35:43","slug":"con-fe-reviven-muerte-y-resurreccion-de-jesus","status":"publish","type":"post","link":"https:\/\/noticiasveracruz.com\/index.php\/2024\/04\/01\/con-fe-reviven-muerte-y-resurreccion-de-jesus\/","title":{"rendered":"Con fe reviven Muerte y Resurrecci\u00f3n de Jes\u00fas"},"content":{"rendered":"<p><span style=\"font-size: 14pt;\">Tuxpan.- Cientos de feligreses cat\u00f3licos recuerdan con fe y devoci\u00f3n la muerte y resurrecci\u00f3n de Jes\u00fas, durante este fin de semana, participando activamente en las diversas actividades programadas por sus parroquias, as\u00ed como en la Catedral de la ciudad.<\/span><\/p>\n<p><span style=\"font-size: 14pt;\">Desde temprana hora del d\u00eda Viernes, los ciudadanos participaron activamente en los diversos Viacrucis que organizaron las distintas parroquias de la Di\u00f3cesis, recordando as\u00ed, aquel pasaje b\u00edblico de la pasi\u00f3n y muerte de Jesucristo, lo que constituye uno de los eventos m\u00e1s importantes y que forman el fundamento de la fe cristiana.<\/span><\/p>\n<p><span style=\"font-size: 14pt;\">Para el d\u00eda s\u00e1bado por la noche, los feligreses comenzaron a celebrar la resurrecci\u00f3n de Jes\u00fas, que es la garant\u00eda de que todos los muertos ser\u00e1n resucitados en la\u00a0segunda venida\u00a0de Cristo.<\/span><\/p>\n<p><span style=\"font-size: 14pt;\">El domingo de Pascua, las celebraciones eucar\u00edsticas se realizaron de manera normal, en algunas parroquias la primera misa fue a las 10:00 de la ma\u00f1ana, en Catedral a partir de las 7:30 de la ma\u00f1ana.<\/span><\/p>\n<p><span style=\"font-size: 14pt;\">Los cristianos celebraron la resurrecci\u00f3n de Jes\u00fas el\u00a0Domingo de Pascua, dos d\u00edas despu\u00e9s del\u00a0Viernes Santo, el d\u00eda de\u00a0su crucifixi\u00f3n, la\u00a0fecha de la Pascua\u00a0se corresponde aproximadamente con el\u00a0\u00abP\u00e9saj\u00bb, de acuerdo a la iglesia y que es la observancia jud\u00eda asociada con\u00a0el \u00c9xodo, y est\u00e1 fijada para el primer domingo de\u00a0luna llena\u00a0despu\u00e9s del\u00a0equinoccio de primavera.<\/span><\/p>\n","protected":false},"excerpt":{"rendered":"<p>Tuxpan.- Cientos de feligreses cat\u00f3licos recuerdan con fe y devoci\u00f3n la muerte y resurrecci\u00f3n de Jes\u00fas, durante este fin de semana, participando activamente en las diversas actividades programadas por sus parroquias, as\u00ed como en la Catedral de la ciudad. Desde temprana hora del d\u00eda Viernes, los ciudadanos participaron activamente en los diversos Viacrucis que organizaron [&hellip;]<\/p>\n","protected":false},"author":4,"featured_media":28551,"comment_status":"closed","ping_status":"closed","sticky":false,"template":"","format":"standard","meta":{"_jetpack_newsletter_access":"","_jetpack_dont_email_post_to_subs":false,"_jetpack_newsletter_tier_id":0,"_jetpack_memberships_contains_paywalled_content":false,"_jetpack_feature_clip_id":0,"_jetpack_memberships_contains_paid_content":false,"footnotes":"","jetpack_publicize_message":"","jetpack_publicize_feature_enabled":true,"jetpack_social_post_already_shared":true,"jetpack_social_options":{"image_generator_settings":{"template":"highway","default_image_id":0,"font":"","enabled":false},"version":2},"jetpack_post_was_ever_published":false},"categories":[145,356],"tags":[],"class_list":["post-28550","post","type-post","status-publish","format-standard","has-post-thumbnail","hentry","category-estados","category-veracruz"],"jetpack_publicize_connections":[],"jetpack_sharing_enabled":true,"publishpress_future_action":{"enabled":false,"date":"2026-09-07 23:46:07","action":"change-status","newStatus":"draft","terms":[],"taxonomy":"category","extraData":[]},"publishpress_future_workflow_manual_trigger":{"enabledWorkflows":[]},"jetpack_featured_media_url":"https:\/\/noticiasveracruz.com\/wp-content\/uploads\/2024\/04\/5b1.jpg","_links":{"self":[{"href":"https:\/\/noticiasveracruz.com\/index.php\/wp-json\/wp\/v2\/posts\/28550","targetHints":{"allow":["GET"]}}],"collection":[{"href":"https:\/\/noticiasveracruz.com\/index.php\/wp-json\/wp\/v2\/posts"}],"about":[{"href":"https:\/\/noticiasveracruz.com\/index.php\/wp-json\/wp\/v2\/types\/post"}],"author":[{"embeddable":true,"href":"https:\/\/noticiasveracruz.com\/index.php\/wp-json\/wp\/v2\/users\/4"}],"replies":[{"embeddable":true,"href":"https:\/\/noticiasveracruz.com\/index.php\/wp-json\/wp\/v2\/comments?post=28550"}],"version-history":[{"count":0,"href":"https:\/\/noticiasveracruz.com\/index.php\/wp-json\/wp\/v2\/posts\/28550\/revisions"}],"wp:featuredmedia":[{"embeddable":true,"href":"https:\/\/noticiasveracruz.com\/index.php\/wp-json\/wp\/v2\/media\/28551"}],"wp:attachment":[{"href":"https:\/\/noticiasveracruz.com\/index.php\/wp-json\/wp\/v2\/media?parent=28550"}],"wp:term":[{"taxonomy":"category","embeddable":true,"href":"https:\/\/noticiasveracruz.com\/index.php\/wp-json\/wp\/v2\/categories?post=28550"},{"taxonomy":"post_tag","embeddable":true,"href":"https:\/\/noticiasveracruz.com\/index.php\/wp-json\/wp\/v2\/tags?post=28550"}],"curies":[{"name":"wp","href":"https:\/\/api.w.org\/{rel}","templated":true}]}}