{"id":28404,"date":"2024-03-23T11:01:04","date_gmt":"2024-03-23T17:01:04","guid":{"rendered":"https:\/\/noticiasveracruz.com\/?p=28404"},"modified":"2024-03-23T11:01:04","modified_gmt":"2024-03-23T17:01:04","slug":"dia-mundial-del-agua-con-sequia-y-contaminacion","status":"publish","type":"post","link":"https:\/\/noticiasveracruz.com\/index.php\/2024\/03\/23\/dia-mundial-del-agua-con-sequia-y-contaminacion\/","title":{"rendered":"D\u00eda Mundial del Agua&#8230; con sequ\u00eda y contaminaci\u00f3n"},"content":{"rendered":"<div class=\"col col1\">\n<p class=\"s-s\"><span style=\"font-size: 14pt;\"><q>Las tensiones relacionadas con el agua exacerban los conflictos a escala mundial<\/q>\u00a0refiere el informe Desarrollo de los Recursos H\u00eddricos de la agencia de Naciones Unidas para la Cultura, las Ciencias y la Educaci\u00f3n (Unesco). Para preservar la paz, los estados deben fortalecer la cooperaci\u00f3n internacional y los acuerdos transfronterizos, se\u00f1ala el documento presentado por la instituci\u00f3n, en el marco de la conmemoraci\u00f3n del D\u00eda Mundial del Agua, que se celebra el 22 de marzo.<\/span><\/p>\n<p><span style=\"font-size: 14pt;\"><q>Agua para la paz<\/q>\u00a0es el lema que la ONU impulsa en 2024 para llamar la atenci\u00f3n sobre el tema. El informe hace \u00e9nfasis en que, mientras aumenta el estr\u00e9s h\u00eddrico, tambi\u00e9n lo hace el riesgo de conflictos locales o regionales. El mensaje de la Unesco es claro: si queremos preservar la paz, no s\u00f3lo debemos conservar mejor los recursos h\u00eddricos, sino tambi\u00e9n reforzar lo antes posible la cooperaci\u00f3n regional y mundial en este \u00e1mbito\u201d, declara Audrey Azoulay, directora general de la agencia.<\/span><\/p>\n<p><span style=\"font-size: 14pt;\">Seg\u00fan la investigaci\u00f3n 2 mil 200 millones de personas no disponen de suministros seguros de agua potable y 3 mil 500 millones, no tienen acceso a servicios adecuados de saneamiento. El objetivo de la ONU de lograr el acceso universal para el a\u00f1o 2030 parece distante y se teme un aumento de las desigualdades.<\/span><\/p>\n<p><span style=\"font-size: 14pt;\">Entre 2002 y 2021, las sequ\u00edas afectaron a m\u00e1s de mil 400 millones de personas. En 2022, aproximadamente la mitad de la poblaci\u00f3n mundial sufri\u00f3 escasez severa durante al menos una parte del a\u00f1o y una cuarta parte se enfrent\u00f3 a niveles\u00a0<q>extremadamente elevados<\/q>\u00a0de estr\u00e9s h\u00eddrico, al utilizar m\u00e1s de 80 por ciento de su suministro total anual de l\u00edquido potable renovable.<\/span><\/p>\n<\/div>\n<div class=\"col col2\">\n<p><span style=\"font-size: 14pt;\">Las ni\u00f1as y las mujeres son las primeras v\u00edctimas de la falta de agua y, una de las primeras consecuencias es el deterioro de las condiciones de vida de la poblaci\u00f3n, con un aumento de la inseguridad alimentaria y los riesgos sanitarios.<\/span><\/p>\n<p><span style=\"font-size: 14pt;\">En las zonas rurales, ellas son las principales recolectoras de agua y dedican varias horas al d\u00eda a esta tarea. La disminuci\u00f3n de los suministros del l\u00edquido agrava esta carga y socava su acceso a la educaci\u00f3n, su participaci\u00f3n en la vida econ\u00f3mica y su seguridad.<\/span><\/p>\n<p><span style=\"font-size: 14pt;\">Del mismo modo, puede contribuir a una mayor tasa de abandono escolar.<\/span><\/p>\n<p><span style=\"font-size: 14pt;\">La escasez h\u00eddrica tambi\u00e9n es un factor importante en las migraciones. A su vez, estos desplazamientos de poblaci\u00f3n pueden contribuir a la inseguridad h\u00eddrica en los territorios de acogida al ejercer una presi\u00f3n a\u00f1adida en los sistemas y recursos de agua, avivando as\u00ed las tensiones sociales.<\/span><\/p>\n<\/div>\n","protected":false},"excerpt":{"rendered":"<p>Las tensiones relacionadas con el agua exacerban los conflictos a escala mundial\u00a0refiere el informe Desarrollo de los Recursos H\u00eddricos de<\/p>\n","protected":false},"author":4,"featured_media":28405,"comment_status":"closed","ping_status":"closed","sticky":false,"template":"","format":"standard","meta":{"colormag_page_container_layout":"default_layout","colormag_page_sidebar_layout":"default_layout","_jetpack_memberships_contains_paid_content":false,"footnotes":"","jetpack_publicize_message":"","jetpack_publicize_feature_enabled":true,"jetpack_social_post_already_shared":true,"jetpack_social_options":{"image_generator_settings":{"template":"highway","default_image_id":0,"font":"","enabled":false},"version":2}},"categories":[355],"tags":[],"class_list":["post-28404","post","type-post","status-publish","format-standard","has-post-thumbnail","hentry","category-internacional"],"jetpack_publicize_connections":[],"jetpack_featured_media_url":"https:\/\/noticiasveracruz.com\/wp-content\/uploads\/2024\/03\/1685964202982_1685964427_asset_still.jpeg","jetpack_sharing_enabled":true,"publishpress_future_action":{"enabled":false,"date":"2026-05-06 20:34:39","action":"change-status","newStatus":"draft","terms":[],"taxonomy":"category","extraData":[]},"publishpress_future_workflow_manual_trigger":{"enabledWorkflows":[]},"_links":{"self":[{"href":"https:\/\/noticiasveracruz.com\/index.php\/wp-json\/wp\/v2\/posts\/28404","targetHints":{"allow":["GET"]}}],"collection":[{"href":"https:\/\/noticiasveracruz.com\/index.php\/wp-json\/wp\/v2\/posts"}],"about":[{"href":"https:\/\/noticiasveracruz.com\/index.php\/wp-json\/wp\/v2\/types\/post"}],"author":[{"embeddable":true,"href":"https:\/\/noticiasveracruz.com\/index.php\/wp-json\/wp\/v2\/users\/4"}],"replies":[{"embeddable":true,"href":"https:\/\/noticiasveracruz.com\/index.php\/wp-json\/wp\/v2\/comments?post=28404"}],"version-history":[{"count":0,"href":"https:\/\/noticiasveracruz.com\/index.php\/wp-json\/wp\/v2\/posts\/28404\/revisions"}],"wp:featuredmedia":[{"embeddable":true,"href":"https:\/\/noticiasveracruz.com\/index.php\/wp-json\/wp\/v2\/media\/28405"}],"wp:attachment":[{"href":"https:\/\/noticiasveracruz.com\/index.php\/wp-json\/wp\/v2\/media?parent=28404"}],"wp:term":[{"taxonomy":"category","embeddable":true,"href":"https:\/\/noticiasveracruz.com\/index.php\/wp-json\/wp\/v2\/categories?post=28404"},{"taxonomy":"post_tag","embeddable":true,"href":"https:\/\/noticiasveracruz.com\/index.php\/wp-json\/wp\/v2\/tags?post=28404"}],"curies":[{"name":"wp","href":"https:\/\/api.w.org\/{rel}","templated":true}]}}