{"id":28396,"date":"2024-03-23T10:49:56","date_gmt":"2024-03-23T16:49:56","guid":{"rendered":"https:\/\/noticiasveracruz.com\/?p=28396"},"modified":"2024-03-23T10:49:56","modified_gmt":"2024-03-23T16:49:56","slug":"mezcla-mexicana-cierra-en-75-75-dolares-por-barril","status":"publish","type":"post","link":"https:\/\/noticiasveracruz.com\/index.php\/2024\/03\/23\/mezcla-mexicana-cierra-en-75-75-dolares-por-barril\/","title":{"rendered":"Mezcla mexicana cierra en 75.75 d\u00f3lares por barril"},"content":{"rendered":"<p><span style=\"font-size: 14pt;\">De acuerdo con informaci\u00f3n proporcionada por Petr\u00f3leos Mexicanos (Pemex), la mezcla mexicana de importaci\u00f3n cerr\u00f3 este viernes en 75.75 d\u00f3lares por barril en contraste a los 76.18 d\u00f3lares del jueves. Esto marca una reducci\u00f3n de 0.43 d\u00f3lares por barril. Sin embargo, a comparaci\u00f3n del cierre de la semana pasada, que fue de 75.80 d\u00f3lares por barril, la reducci\u00f3n fue de solo 0.05 d\u00f3lares.<\/span><\/p>\n<p><span style=\"font-size: 14pt;\">Asimismo, el precio del crudo estadounidense West Texas Intermediate (WTI), de referencia en el continente americano finaliz\u00f3 en 80.63 d\u00f3lares, cayendo 0.41 d\u00f3lares en comparaci\u00f3n al cierre de la semana pasada que fue de 81.04 d\u00f3lares.<\/span><\/p>\n<p><span style=\"font-size: 14pt;\">El precio del Brent, de referencia en el continente europeo gan\u00f3 .09 d\u00f3lares ya que cerr\u00f3 en 85.43 d\u00f3lares a diferencia de la semana anterior en donde termin\u00f3 en 85.34 d\u00f3lares<\/span><\/p>\n<p><span style=\"font-size: 14pt;\">A pesar de que el precio del petr\u00f3leo se vio presionado por el aumento del d\u00f3lar, este se mantuvo por encima de los 80 d\u00f3lares.<\/span><\/p>\n","protected":false},"excerpt":{"rendered":"<p>De acuerdo con informaci\u00f3n proporcionada por Petr\u00f3leos Mexicanos (Pemex), la mezcla mexicana de importaci\u00f3n cerr\u00f3 este viernes en 75.75 d\u00f3lares<\/p>\n","protected":false},"author":4,"featured_media":28397,"comment_status":"closed","ping_status":"closed","sticky":false,"template":"","format":"standard","meta":{"colormag_page_container_layout":"default_layout","colormag_page_sidebar_layout":"default_layout","_jetpack_memberships_contains_paid_content":false,"footnotes":"","jetpack_publicize_message":"","jetpack_publicize_feature_enabled":true,"jetpack_social_post_already_shared":true,"jetpack_social_options":{"image_generator_settings":{"template":"highway","default_image_id":0,"font":"","enabled":false},"version":2}},"categories":[1947],"tags":[],"class_list":["post-28396","post","type-post","status-publish","format-standard","has-post-thumbnail","hentry","category-economia"],"jetpack_publicize_connections":[],"jetpack_featured_media_url":"https:\/\/noticiasveracruz.com\/wp-content\/uploads\/2024\/03\/Pemex-mezcla-petroleo-Energy-and-Commerce-960x720-1.jpeg","jetpack_sharing_enabled":true,"publishpress_future_action":{"enabled":false,"date":"2026-05-06 18:56:01","action":"change-status","newStatus":"draft","terms":[],"taxonomy":"category","extraData":[]},"publishpress_future_workflow_manual_trigger":{"enabledWorkflows":[]},"_links":{"self":[{"href":"https:\/\/noticiasveracruz.com\/index.php\/wp-json\/wp\/v2\/posts\/28396","targetHints":{"allow":["GET"]}}],"collection":[{"href":"https:\/\/noticiasveracruz.com\/index.php\/wp-json\/wp\/v2\/posts"}],"about":[{"href":"https:\/\/noticiasveracruz.com\/index.php\/wp-json\/wp\/v2\/types\/post"}],"author":[{"embeddable":true,"href":"https:\/\/noticiasveracruz.com\/index.php\/wp-json\/wp\/v2\/users\/4"}],"replies":[{"embeddable":true,"href":"https:\/\/noticiasveracruz.com\/index.php\/wp-json\/wp\/v2\/comments?post=28396"}],"version-history":[{"count":0,"href":"https:\/\/noticiasveracruz.com\/index.php\/wp-json\/wp\/v2\/posts\/28396\/revisions"}],"wp:featuredmedia":[{"embeddable":true,"href":"https:\/\/noticiasveracruz.com\/index.php\/wp-json\/wp\/v2\/media\/28397"}],"wp:attachment":[{"href":"https:\/\/noticiasveracruz.com\/index.php\/wp-json\/wp\/v2\/media?parent=28396"}],"wp:term":[{"taxonomy":"category","embeddable":true,"href":"https:\/\/noticiasveracruz.com\/index.php\/wp-json\/wp\/v2\/categories?post=28396"},{"taxonomy":"post_tag","embeddable":true,"href":"https:\/\/noticiasveracruz.com\/index.php\/wp-json\/wp\/v2\/tags?post=28396"}],"curies":[{"name":"wp","href":"https:\/\/api.w.org\/{rel}","templated":true}]}}