{"id":28390,"date":"2024-03-23T10:45:12","date_gmt":"2024-03-23T16:45:12","guid":{"rendered":"https:\/\/noticiasveracruz.com\/?p=28390"},"modified":"2024-03-23T10:45:12","modified_gmt":"2024-03-23T16:45:12","slug":"economia-mexicana-arranco-2024-con-tropiezo-de-0-6-mensual","status":"publish","type":"post","link":"https:\/\/noticiasveracruz.com\/index.php\/2024\/03\/23\/economia-mexicana-arranco-2024-con-tropiezo-de-0-6-mensual\/","title":{"rendered":"Econom\u00eda mexicana arranc\u00f3 2024 con tropiezo de 0.6% mensual"},"content":{"rendered":"<p><span style=\"font-size: 14pt;\">La econom\u00eda mexicana observ\u00f3 debilidad al iniciar el a\u00f1o, pues el Indicador Global de la Actividad Econ\u00f3mica (IGAE) de enero mostr\u00f3 un ligero descenso de 0.6 por ciento frente a diciembre del a\u00f1o pasado, explicado principalmente por un retroceso del sector comercio y servicios, inform\u00f3 este viernes el Instituto Nacional de Estad\u00edstica y Geograf\u00eda (Inegi).<\/span><\/p>\n<p><span style=\"font-size: 14pt;\">De acuerdo con la medici\u00f3n, que muestra una aproximaci\u00f3n mensual del comportamiento del Producto Interno Bruto (PIB), el comportamiento de la econom\u00eda a tasa anual mostr\u00f3 un avance de 1.1 por ciento.<\/span><\/p>\n<p><span style=\"font-size: 14pt;\">Julio Santaella, ex presidente del Inegi, destac\u00f3 en su cuenta de la red social X que el dato mensual de enero fue \u201cm\u00e1s negativo\u201d respecto al estancamiento mostrado en la estimaci\u00f3n oportuna divulgada en d\u00edas recientes, por lo que \u201cla actividad econ\u00f3mica de M\u00e9xico prolonga su debilidad al inicio de a\u00f1o\u201d.<\/span><\/p>\n<p><span style=\"font-size: 14pt;\">\u201cCon el resultado de enero 2024 (retroceso de 0.6 por ciento mensual), el IGAE hilvan\u00f3 cuatro retrocesos mensuales consecutivos, lo que le imprime una clara tendencia decreciente a partir del \u00faltimo trimestre de 2023\u201d, dijo.<\/span><\/p>\n<p><span style=\"font-size: 14pt;\">El ligero retroceso en el primer mes de 2024 frente a diciembre del a\u00f1o pasado se explic\u00f3 por el retroceso de 0.5 por ciento del comercio y servicios, pues las actividades terciarias representan dos terceras partes de la econom\u00eda mexicana.<\/span><\/p>\n<p><span style=\"font-size: 14pt;\">Santaella destac\u00f3 en la red social que este sector presenta una tendencia de estancamiento desde septiembre de 2023.<\/span><\/p>\n<p><span style=\"font-size: 14pt;\">No obstante, la agricultura, ganader\u00eda y pesca retrocedieron en enero 12.9 por ciento mensual, aunque estos sectores aportan menos al PIB de M\u00e9xico.<\/span><\/p>\n<p><span style=\"font-size: 14pt;\">La industria fue el \u00fanico sector que mostr\u00f3 un avance en los primeros 31 d\u00edas de 2024, en comparaci\u00f3n con el \u00faltimo mes de 2023.<\/span><\/p>\n<p><span style=\"font-size: 14pt;\">Sin embargo, a tasa anual, la econom\u00eda mexicana en enero mostr\u00f3 un avance de 1.1 por ciento, impulsado principalmente por el crecimiento de 1.9 por ciento de las actividades secundarias, mientras que las terciarias avanzaron 1.1 por ciento.<\/span><\/p>\n<p><span style=\"font-size: 14pt;\">Los sectores primarios observaron en los primeros 31 d\u00edas de este a\u00f1o un retroceso de 7.3 por ciento respecto a igual per\u00edodo de 2023.<\/span><\/p>\n<p><span style=\"font-size: 14pt;\">Por subsector, la agricultura mostr\u00f3 una ca\u00edda de 14.0 por ciento anual en enero, la miner\u00eda se contrajo 1.6 por ciento, mientras que servicios de apoyo a los negocios y manejo de residuos, y servicios de remediaci\u00f3n observ\u00f3 una reducci\u00f3n de 13.7 por ciento.<\/span><\/p>\n<p><span style=\"font-size: 14pt;\">En contraste, cr\u00eda y explotaci\u00f3n de animales avanz\u00f3 2.3 por ciento frente a enero de 2023, la construcci\u00f3n observ\u00f3 un crecimiento de 17.9 por ciento y transportes, correos y almacenamiento mostraron un incremento de 5.0 por ciento.<\/span><\/p>\n","protected":false},"excerpt":{"rendered":"<p>La econom\u00eda mexicana observ\u00f3 debilidad al iniciar el a\u00f1o, pues el Indicador Global de la Actividad Econ\u00f3mica (IGAE) de enero<\/p>\n","protected":false},"author":4,"featured_media":28391,"comment_status":"closed","ping_status":"closed","sticky":false,"template":"","format":"standard","meta":{"colormag_page_container_layout":"default_layout","colormag_page_sidebar_layout":"default_layout","_jetpack_memberships_contains_paid_content":false,"footnotes":"","jetpack_publicize_message":"","jetpack_publicize_feature_enabled":true,"jetpack_social_post_already_shared":true,"jetpack_social_options":{"image_generator_settings":{"template":"highway","default_image_id":0,"font":"","enabled":false},"version":2}},"categories":[1947],"tags":[],"class_list":["post-28390","post","type-post","status-publish","format-standard","has-post-thumbnail","hentry","category-economia"],"jetpack_publicize_connections":[],"jetpack_featured_media_url":"https:\/\/noticiasveracruz.com\/wp-content\/uploads\/2024\/03\/Economia-Mexicana-01.jpg","jetpack_sharing_enabled":true,"publishpress_future_action":{"enabled":false,"date":"2026-05-06 17:34:39","action":"change-status","newStatus":"draft","terms":[],"taxonomy":"category","extraData":[]},"publishpress_future_workflow_manual_trigger":{"enabledWorkflows":[]},"_links":{"self":[{"href":"https:\/\/noticiasveracruz.com\/index.php\/wp-json\/wp\/v2\/posts\/28390","targetHints":{"allow":["GET"]}}],"collection":[{"href":"https:\/\/noticiasveracruz.com\/index.php\/wp-json\/wp\/v2\/posts"}],"about":[{"href":"https:\/\/noticiasveracruz.com\/index.php\/wp-json\/wp\/v2\/types\/post"}],"author":[{"embeddable":true,"href":"https:\/\/noticiasveracruz.com\/index.php\/wp-json\/wp\/v2\/users\/4"}],"replies":[{"embeddable":true,"href":"https:\/\/noticiasveracruz.com\/index.php\/wp-json\/wp\/v2\/comments?post=28390"}],"version-history":[{"count":0,"href":"https:\/\/noticiasveracruz.com\/index.php\/wp-json\/wp\/v2\/posts\/28390\/revisions"}],"wp:featuredmedia":[{"embeddable":true,"href":"https:\/\/noticiasveracruz.com\/index.php\/wp-json\/wp\/v2\/media\/28391"}],"wp:attachment":[{"href":"https:\/\/noticiasveracruz.com\/index.php\/wp-json\/wp\/v2\/media?parent=28390"}],"wp:term":[{"taxonomy":"category","embeddable":true,"href":"https:\/\/noticiasveracruz.com\/index.php\/wp-json\/wp\/v2\/categories?post=28390"},{"taxonomy":"post_tag","embeddable":true,"href":"https:\/\/noticiasveracruz.com\/index.php\/wp-json\/wp\/v2\/tags?post=28390"}],"curies":[{"name":"wp","href":"https:\/\/api.w.org\/{rel}","templated":true}]}}